{"id":168426,"date":"2021-02-23T13:23:02","date_gmt":"2021-02-23T12:23:02","guid":{"rendered":"https:\/\/polishscience.pl\/?p=168426"},"modified":"2021-02-23T14:23:16","modified_gmt":"2021-02-23T13:23:16","slug":"le-congres-international-des-geographes-consacre-a-lamerique-latine","status":"publish","type":"post","link":"https:\/\/www.polishscience.pl\/fr\/le-congres-international-des-geographes-consacre-a-lamerique-latine\/","title":{"rendered":"Le Congr\u00e8s International des G\u00e9ographes consacr\u00e9 \u00e0 l&rsquo;Am\u00e9rique latine"},"content":{"rendered":"<p class=\"Standard\"><strong><span lang=\"EN-US\" style=\"font-family: 'Times New Roman',serif;\">Du 17 au 19 mars 2021, la Facult\u00e9 de G\u00e9ographie et d&rsquo;\u00c9tudes R\u00e9gionales de l&rsquo;Universit\u00e9 de Varsovie organise un Congr\u00e8s International en ligne de G\u00e9ographes consacr\u00e9 \u00e0 l&rsquo;Am\u00e9rique latine, compos\u00e9 du XXIIe Symposium polono-mexicain et du IIIe Symposium polono-colombien.<\/span><\/strong><\/p>\n<p class=\"Standard\"><span lang=\"EN-US\" style=\"font-family: 'Times New Roman',serif;\">Au cours de l&rsquo;\u00e9v\u00e9nement, des chercheurs de la Facult\u00e9 de G\u00e9ographie et d&rsquo;\u00c9tudes R\u00e9gionales de l&rsquo;Universit\u00e9 de Varsovie, de la Facult\u00e9 de G\u00e9ographie et du D\u00e9partement de Planification Urbaine et R\u00e9gionale de l&rsquo;universit\u00e9 autonome du Mexique, de l&rsquo;universit\u00e9 de Manizales (Colombie) et d&rsquo;autres centres europ\u00e9ens et latino-am\u00e9ricains partageront leurs exp\u00e9riences scientifiques. <\/span><\/p>\n<p class=\"Standard\"><span lang=\"EN-US\" style=\"font-family: 'Times New Roman',serif;\">Les organisateurs partent du principe que le congr\u00e8s tournera autour de la question des \u00ab\u00a0d\u00e9fis locaux et r\u00e9gionaux dans le contexte de la r\u00e9alisation des objectifs de d\u00e9veloppement durable\u00a0\u00bb. Ils sont \u00e9galement convaincus que l&rsquo;\u00e9v\u00e9nement sera l&rsquo;occasion de g\u00e9n\u00e9rer des contributions scientifiques pour aborder les questions li\u00e9es au d\u00e9veloppement durable en Am\u00e9rique latine.<\/span><\/p>\n","protected":false},"excerpt":{"rendered":"<p>Du 17 au 19 mars 2021, la Facult\u00e9 de G\u00e9ographie et d&rsquo;\u00c9tudes R\u00e9gionales de l&rsquo;Universit\u00e9 de Varsovie organise un Congr\u00e8s International en ligne de G\u00e9ographes consacr\u00e9 \u00e0 l&rsquo;Am\u00e9rique latine, compos\u00e9 du XXIIe Symposium polono-mexicain et du IIIe Symposium polono-colombien. Au cours de l&rsquo;\u00e9v\u00e9nement, des chercheurs de la Facult\u00e9 de G\u00e9ographie et d&rsquo;\u00c9tudes R\u00e9gionales de l&rsquo;Universit\u00e9 [&hellip;]<\/p>\n","protected":false},"author":11,"featured_media":0,"comment_status":"closed","ping_status":"closed","sticky":false,"template":"","format":"standard","meta":[],"categories":[41],"tags":[],"_links":{"self":[{"href":"https:\/\/www.polishscience.pl\/fr\/wp-json\/wp\/v2\/posts\/168426"}],"collection":[{"href":"https:\/\/www.polishscience.pl\/fr\/wp-json\/wp\/v2\/posts"}],"about":[{"href":"https:\/\/www.polishscience.pl\/fr\/wp-json\/wp\/v2\/types\/post"}],"author":[{"embeddable":true,"href":"https:\/\/www.polishscience.pl\/fr\/wp-json\/wp\/v2\/users\/11"}],"replies":[{"embeddable":true,"href":"https:\/\/www.polishscience.pl\/fr\/wp-json\/wp\/v2\/comments?post=168426"}],"version-history":[{"count":0,"href":"https:\/\/www.polishscience.pl\/fr\/wp-json\/wp\/v2\/posts\/168426\/revisions"}],"wp:attachment":[{"href":"https:\/\/www.polishscience.pl\/fr\/wp-json\/wp\/v2\/media?parent=168426"}],"wp:term":[{"taxonomy":"category","embeddable":true,"href":"https:\/\/www.polishscience.pl\/fr\/wp-json\/wp\/v2\/categories?post=168426"},{"taxonomy":"post_tag","embeddable":true,"href":"https:\/\/www.polishscience.pl\/fr\/wp-json\/wp\/v2\/tags?post=168426"}],"curies":[{"name":"wp","href":"https:\/\/api.w.org\/{rel}","templated":true}]}}