{"id":168283,"date":"2021-02-22T14:20:41","date_gmt":"2021-02-22T13:20:41","guid":{"rendered":"https:\/\/polishscience.pl\/?p=168283"},"modified":"2021-02-22T14:25:04","modified_gmt":"2021-02-22T13:25:04","slug":"la-filiale-de-luniversite-catholique-de-lublin-kul-a-stalowa-wola","status":"publish","type":"post","link":"https:\/\/www.polishscience.pl\/fr\/la-filiale-de-luniversite-catholique-de-lublin-kul-a-stalowa-wola\/","title":{"rendered":"La filiale de l&rsquo;Universit\u00e9 Catholique de Lublin (KUL) \u00e0 Stalowa Wola"},"content":{"rendered":"<p class=\"Standard\"><strong><span lang=\"EN-US\" style=\"font-family: 'Times New Roman',serif;\">L&rsquo;\u00e9largissement de l&rsquo;offre didactique et son adaptation aux besoins \u00e9ducatifs locaux sont les principales hypoth\u00e8ses de la transformation de la Facult\u00e9 d&rsquo;Ing\u00e9nierie et de Sciences Techniques de Stalowa Wola en une filiale de l&rsquo;Universit\u00e9 Catholique de Lublin Jean Paul II (KUL).<\/span><\/strong><\/p>\n<p class=\"Standard\"><span lang=\"EN-US\" style=\"font-family: 'Times New Roman',serif;\">\u00c0 la filiale, il y aura une formation continue dans les facult\u00e9s g\u00e9r\u00e9es jusqu&rsquo;\u00e0 pr\u00e9sent par la facult\u00e9, c&rsquo;est-\u00e0-dire le g\u00e9nie de l&rsquo;environnement, le g\u00e9nie des mat\u00e9riaux et le droit, mais l&rsquo;offre didactique sera syst\u00e9matiquement \u00e9largie. Des travaux sont actuellement en cours pour lancer, entre autres, la di\u00e9t\u00e9tique et les soins infirmiers.<\/span><\/p>\n<p class=\"Standard\"><span lang=\"EN-US\" style=\"font-family: 'Times New Roman',serif;\">Le changement introduit vise \u00e0 organiser et \u00e0 am\u00e9liorer le fonctionnement de la partie locale de la KUL. <\/span><\/p>\n<p class=\"Standard\"><span lang=\"EN-US\" style=\"font-family: 'Times New Roman',serif;\">Le fait qu&rsquo;une filiale existe au lieu d&rsquo;un d\u00e9partement souligne sa stricte appartenance \u00e0 l&rsquo;universit\u00e9 int\u00e9grale. Ce n&rsquo;est pas un d\u00e9partement parmi d&rsquo;autres, mais une \u00ab\u00a0fille\u00a0\u00bb de l&rsquo;universit\u00e9 tout enti\u00e8re &#8211; elle est int\u00e9gralement li\u00e9e \u00e0 chaque d\u00e9partement et \u00e0 chaque discipline dans laquelle la recherche scientifique est men\u00e9e \u00e0 la KUL\u00a0\u00bb, informe Monika Stojowska, porte-parole de la KUL.<\/span><\/p>\n","protected":false},"excerpt":{"rendered":"<p>L&rsquo;\u00e9largissement de l&rsquo;offre didactique et son adaptation aux besoins \u00e9ducatifs locaux sont les principales hypoth\u00e8ses de la transformation de la Facult\u00e9 d&rsquo;Ing\u00e9nierie et de Sciences Techniques de Stalowa Wola en une filiale de l&rsquo;Universit\u00e9 Catholique de Lublin Jean Paul II (KUL). \u00c0 la filiale, il y aura une formation continue dans les facult\u00e9s g\u00e9r\u00e9es jusqu&rsquo;\u00e0 [&hellip;]<\/p>\n","protected":false},"author":11,"featured_media":0,"comment_status":"closed","ping_status":"closed","sticky":false,"template":"","format":"standard","meta":[],"categories":[35],"tags":[],"_links":{"self":[{"href":"https:\/\/www.polishscience.pl\/fr\/wp-json\/wp\/v2\/posts\/168283"}],"collection":[{"href":"https:\/\/www.polishscience.pl\/fr\/wp-json\/wp\/v2\/posts"}],"about":[{"href":"https:\/\/www.polishscience.pl\/fr\/wp-json\/wp\/v2\/types\/post"}],"author":[{"embeddable":true,"href":"https:\/\/www.polishscience.pl\/fr\/wp-json\/wp\/v2\/users\/11"}],"replies":[{"embeddable":true,"href":"https:\/\/www.polishscience.pl\/fr\/wp-json\/wp\/v2\/comments?post=168283"}],"version-history":[{"count":0,"href":"https:\/\/www.polishscience.pl\/fr\/wp-json\/wp\/v2\/posts\/168283\/revisions"}],"wp:attachment":[{"href":"https:\/\/www.polishscience.pl\/fr\/wp-json\/wp\/v2\/media?parent=168283"}],"wp:term":[{"taxonomy":"category","embeddable":true,"href":"https:\/\/www.polishscience.pl\/fr\/wp-json\/wp\/v2\/categories?post=168283"},{"taxonomy":"post_tag","embeddable":true,"href":"https:\/\/www.polishscience.pl\/fr\/wp-json\/wp\/v2\/tags?post=168283"}],"curies":[{"name":"wp","href":"https:\/\/api.w.org\/{rel}","templated":true}]}}