{"id":168022,"date":"2021-02-21T18:53:51","date_gmt":"2021-02-21T17:53:51","guid":{"rendered":"https:\/\/polishscience.pl\/?p=168022"},"modified":"2021-02-21T18:53:51","modified_gmt":"2021-02-21T17:53:51","slug":"lecole-superieure-dadministration-et-des-affaires-cooperera-avec-le-centre-de-formation-des-enseignants-de-gdynia","status":"publish","type":"post","link":"https:\/\/www.polishscience.pl\/fr\/lecole-superieure-dadministration-et-des-affaires-cooperera-avec-le-centre-de-formation-des-enseignants-de-gdynia\/","title":{"rendered":"L&rsquo;\u00c9cole Sup\u00e9rieure d&rsquo;Administration et des Affaires coop\u00e9rera avec le Centre de Formation des Enseignants de Gdynia"},"content":{"rendered":"<p class=\"Standard\"><strong><span lang=\"EN-US\" style=\"font-family: 'Times New Roman',serif;\">L&rsquo;\u00c9cole Sup\u00e9rieure d&rsquo;Administration et des Affaires E. Kwiatkowski de Gdynia a sign\u00e9 un accord de coop\u00e9ration et de partenariat \u00e9ducatif avec le Centre de Formation des Enseignants de Gdynia. Le document a \u00e9t\u00e9 sign\u00e9 par le directeur du centre, Wojciech Jankowski, et le recteur de l&rsquo;universit\u00e9, le Dr Tomasz Bia\u0142as.<\/span><\/strong><\/p>\n<p class=\"Standard\"><span lang=\"EN-US\" style=\"font-family: 'Times New Roman',serif;\">L&rsquo;accord couvre diff\u00e9rents domaines d&rsquo;activit\u00e9. En tant que partenaire \u00e9ducatif, le Centre de Formation des Enseignants de Gdynia soutiendra l&rsquo;universit\u00e9 dans l&rsquo;organisation de projets destin\u00e9s aux enseignants et aux gestionnaires des \u00e9tablissements d&rsquo;enseignement, ainsi que dans la conduite de formations et d&rsquo;ateliers pour les \u00e9tudiants.<\/span><\/p>\n<p class=\"Standard\"><span lang=\"EN-US\" style=\"font-family: 'Times New Roman',serif;\">Dans le cadre de cet accord, les \u00e9tudiants et les dipl\u00f4m\u00e9s pourront effectuer des stages et des apprentissages dans les unit\u00e9s qui coop\u00e8rent avec le Centre. L&rsquo;un des premiers effets de la coop\u00e9ration est la cr\u00e9ation d&rsquo;\u00e9tudes postuniversitaires dans le domaine de la gestion de l&rsquo;\u00e9ducation, qui seront disponibles dans l&rsquo;offre \u00e9ducative \u00e0 partir de l&rsquo;ann\u00e9e universitaire 2021\/2022 &#8211; \u00e0 lire sur le site de l&rsquo;universit\u00e9.<\/span><\/p>\n","protected":false},"excerpt":{"rendered":"<p>L&rsquo;\u00c9cole Sup\u00e9rieure d&rsquo;Administration et des Affaires E. Kwiatkowski de Gdynia a sign\u00e9 un accord de coop\u00e9ration et de partenariat \u00e9ducatif avec le Centre de Formation des Enseignants de Gdynia. Le document a \u00e9t\u00e9 sign\u00e9 par le directeur du centre, Wojciech Jankowski, et le recteur de l&rsquo;universit\u00e9, le Dr Tomasz Bia\u0142as. L&rsquo;accord couvre diff\u00e9rents domaines d&rsquo;activit\u00e9. [&hellip;]<\/p>\n","protected":false},"author":11,"featured_media":0,"comment_status":"closed","ping_status":"closed","sticky":false,"template":"","format":"standard","meta":[],"categories":[35],"tags":[],"_links":{"self":[{"href":"https:\/\/www.polishscience.pl\/fr\/wp-json\/wp\/v2\/posts\/168022"}],"collection":[{"href":"https:\/\/www.polishscience.pl\/fr\/wp-json\/wp\/v2\/posts"}],"about":[{"href":"https:\/\/www.polishscience.pl\/fr\/wp-json\/wp\/v2\/types\/post"}],"author":[{"embeddable":true,"href":"https:\/\/www.polishscience.pl\/fr\/wp-json\/wp\/v2\/users\/11"}],"replies":[{"embeddable":true,"href":"https:\/\/www.polishscience.pl\/fr\/wp-json\/wp\/v2\/comments?post=168022"}],"version-history":[{"count":0,"href":"https:\/\/www.polishscience.pl\/fr\/wp-json\/wp\/v2\/posts\/168022\/revisions"}],"wp:attachment":[{"href":"https:\/\/www.polishscience.pl\/fr\/wp-json\/wp\/v2\/media?parent=168022"}],"wp:term":[{"taxonomy":"category","embeddable":true,"href":"https:\/\/www.polishscience.pl\/fr\/wp-json\/wp\/v2\/categories?post=168022"},{"taxonomy":"post_tag","embeddable":true,"href":"https:\/\/www.polishscience.pl\/fr\/wp-json\/wp\/v2\/tags?post=168022"}],"curies":[{"name":"wp","href":"https:\/\/api.w.org\/{rel}","templated":true}]}}