{"id":167737,"date":"2021-02-18T15:49:00","date_gmt":"2021-02-18T14:49:00","guid":{"rendered":"https:\/\/polishscience.pl\/?p=167737"},"modified":"2021-02-18T15:49:00","modified_gmt":"2021-02-18T14:49:00","slug":"la-conference-le-20e-anniversaire-de-la-guerre-contre-la-terreur-le-bilan-et-les-perspectives-a-luniversite-de-wroclaw","status":"publish","type":"post","link":"https:\/\/www.polishscience.pl\/fr\/la-conference-le-20e-anniversaire-de-la-guerre-contre-la-terreur-le-bilan-et-les-perspectives-a-luniversite-de-wroclaw\/","title":{"rendered":"La conf\u00e9rence \u00ab\u00a0le 20e anniversaire de la guerre contre la terreur \u2013 Le bilan et les perspectives\u00a0\u00bb \u00e0 l\u2019Universit\u00e9 de Wroclaw"},"content":{"rendered":"<p class=\"Standard\"><strong><span lang=\"EN-US\" style=\"font-family: 'Times New Roman',serif;\">Le Centre d&rsquo;\u00c9tudes et d&rsquo;\u00c9ducation en mati\u00e8re de S\u00e9curit\u00e9 de l&rsquo;Universit\u00e9 de Wroc\u0142aw et l&rsquo;Association Polonaise de S\u00e9curit\u00e9 Nationale invitent \u00e0 une conf\u00e9rence le 10 septembre. \u00ab\u00a020e anniversaire de la guerre contre le terrorisme &#8211; bilan et perspectives\u00a0\u00bb.<\/span><\/strong><\/p>\n<p class=\"Standard\"><span lang=\"EN-US\" style=\"font-family: 'Times New Roman',serif;\">La conf\u00e9rence se d\u00e9roulera sous la forme de groupes d&rsquo;experts ferm\u00e9s, auxquels participeront des repr\u00e9sentants de l&rsquo;ambassade des \u00c9tats-Unis en Pologne, des employ\u00e9s, des officiers et des soldats repr\u00e9sentant des agences gouvernementales et des autorit\u00e9s scientifiques reconnues au niveau national. <\/span><\/p>\n<p class=\"Standard\"><span lang=\"EN-US\" style=\"font-family: 'Times New Roman',serif;\">L&rsquo;\u00e9v\u00e9nement a re\u00e7u le patronage honorifique, entre autres, du Bureau de la S\u00e9curit\u00e9 Nationale et du Centre de S\u00e9curit\u00e9 du gouvernement &#8211; informe les organisateurs.<\/span><\/p>\n<p class=\"Standard\"><span lang=\"EN-US\" style=\"font-family: 'Times New Roman',serif;\">Les participants \u00e0 la conf\u00e9rence veulent analyser les cons\u00e9quences des attentats du 11 septembre sous l&rsquo;angle le plus large possible, des effets g\u00e9opolitiques \u00e0 l&rsquo;\u00e9volution des syst\u00e8mes de s\u00e9curit\u00e9, des m\u00e9thodes et des formes de reconnaissance et de lutte contre les menaces terroristes, en passant par le d\u00e9veloppement de plates-formes non habit\u00e9es et les moyens de fournir une assistance m\u00e9dicale aux victimes des attentats.<\/span><\/p>\n","protected":false},"excerpt":{"rendered":"<p>Le Centre d&rsquo;\u00c9tudes et d&rsquo;\u00c9ducation en mati\u00e8re de S\u00e9curit\u00e9 de l&rsquo;Universit\u00e9 de Wroc\u0142aw et l&rsquo;Association Polonaise de S\u00e9curit\u00e9 Nationale invitent \u00e0 une conf\u00e9rence le 10 septembre. \u00ab\u00a020e anniversaire de la guerre contre le terrorisme &#8211; bilan et perspectives\u00a0\u00bb. La conf\u00e9rence se d\u00e9roulera sous la forme de groupes d&rsquo;experts ferm\u00e9s, auxquels participeront des repr\u00e9sentants de l&rsquo;ambassade [&hellip;]<\/p>\n","protected":false},"author":11,"featured_media":0,"comment_status":"closed","ping_status":"closed","sticky":false,"template":"","format":"standard","meta":[],"categories":[41],"tags":[],"_links":{"self":[{"href":"https:\/\/www.polishscience.pl\/fr\/wp-json\/wp\/v2\/posts\/167737"}],"collection":[{"href":"https:\/\/www.polishscience.pl\/fr\/wp-json\/wp\/v2\/posts"}],"about":[{"href":"https:\/\/www.polishscience.pl\/fr\/wp-json\/wp\/v2\/types\/post"}],"author":[{"embeddable":true,"href":"https:\/\/www.polishscience.pl\/fr\/wp-json\/wp\/v2\/users\/11"}],"replies":[{"embeddable":true,"href":"https:\/\/www.polishscience.pl\/fr\/wp-json\/wp\/v2\/comments?post=167737"}],"version-history":[{"count":0,"href":"https:\/\/www.polishscience.pl\/fr\/wp-json\/wp\/v2\/posts\/167737\/revisions"}],"wp:attachment":[{"href":"https:\/\/www.polishscience.pl\/fr\/wp-json\/wp\/v2\/media?parent=167737"}],"wp:term":[{"taxonomy":"category","embeddable":true,"href":"https:\/\/www.polishscience.pl\/fr\/wp-json\/wp\/v2\/categories?post=167737"},{"taxonomy":"post_tag","embeddable":true,"href":"https:\/\/www.polishscience.pl\/fr\/wp-json\/wp\/v2\/tags?post=167737"}],"curies":[{"name":"wp","href":"https:\/\/api.w.org\/{rel}","templated":true}]}}