{"id":167731,"date":"2021-02-18T13:41:33","date_gmt":"2021-02-18T12:41:33","guid":{"rendered":"https:\/\/polishscience.pl\/?p=167731"},"modified":"2021-02-18T13:41:33","modified_gmt":"2021-02-18T12:41:33","slug":"le-seminaire-intitule-la-liberte-et-la-responsabilite-academiques","status":"publish","type":"post","link":"https:\/\/www.polishscience.pl\/fr\/le-seminaire-intitule-la-liberte-et-la-responsabilite-academiques\/","title":{"rendered":"Le s\u00e9minaire intitul\u00e9 \u00ab\u00a0La libert\u00e9 et la responsabilit\u00e9 acad\u00e9miques\u201d"},"content":{"rendered":"<p class=\"Standard\"><strong><span lang=\"EN-US\" style=\"font-family: 'Times New Roman',serif;\">La Conf\u00e9rence des Recteurs des \u00c9coles Acad\u00e9miques en Pologne (KRASP) souhaite inviter au s\u00e9minaire consacr\u00e9 au \u00ab\u00a0fonctionnement des solutions statutaires et non statutaires visant \u00e0 renforcer la libert\u00e9 acad\u00e9mique et la responsabilit\u00e9 du personnel acad\u00e9mique\u00a0\u00bb. Le s\u00e9minaire aura lieu le 26 f\u00e9vrier 2021 de 9h00 \u00e0 15h00 en ligne. <\/span><\/strong><\/p>\n<p class=\"Standard\"><span lang=\"EN-US\" style=\"font-family: 'Times New Roman',serif;\">Le s\u00e9minaire d\u00e9butera par des conf\u00e9rences publiques d&rsquo;introduction, au cours desquelles les Professeurs Jerzy Wo\u017anicki et Ewa \u0141\u0119towska pr\u00e9senteront le contexte institutionnel et juridique du th\u00e8me principal de la conf\u00e9rence. \u00c0 leur tour, des panels th\u00e9matiques ferm\u00e9s serviront \u00e0 la discussion, ainsi qu&rsquo;\u00e0 l&rsquo;\u00e9change de bonnes pratiques et d&rsquo;exp\u00e9riences des participants \u00e0 la r\u00e9union.<\/span><\/p>\n<p class=\"Standard\"><span lang=\"EN-US\" style=\"font-family: 'Times New Roman',serif;\">L&rsquo;initiative d&rsquo;organiser la conf\u00e9rence r\u00e9sulte des activit\u00e9s de la Commission de la communication et de la responsabilit\u00e9 sociale de la KRASP. L&rsquo;\u00e9v\u00e9nement est co-organis\u00e9 par l\u2019Universit\u00e9 des Sciences Humaines et Sociales SWPS.<\/span><\/p>\n<p class=\"Standard\"><span lang=\"EN-US\" style=\"font-family: 'Times New Roman',serif;\">Pour plus d\u2019informations : <\/span><\/p>\n<p class=\"Standard\"><span lang=\"EN-US\" style=\"font-family: 'Times New Roman',serif;\"><a href=\"https:\/\/www.swps.pl\/wolnosc-i-odpowiedzialnosc-akademicka\">https:\/\/www.swps.pl\/wolnosc-i-odpowiedzialnosc-akademicka<\/a><\/span><\/p>\n","protected":false},"excerpt":{"rendered":"<p>La Conf\u00e9rence des Recteurs des \u00c9coles Acad\u00e9miques en Pologne (KRASP) souhaite inviter au s\u00e9minaire consacr\u00e9 au \u00ab\u00a0fonctionnement des solutions statutaires et non statutaires visant \u00e0 renforcer la libert\u00e9 acad\u00e9mique et la responsabilit\u00e9 du personnel acad\u00e9mique\u00a0\u00bb. Le s\u00e9minaire aura lieu le 26 f\u00e9vrier 2021 de 9h00 \u00e0 15h00 en ligne. Le s\u00e9minaire d\u00e9butera par des conf\u00e9rences [&hellip;]<\/p>\n","protected":false},"author":11,"featured_media":0,"comment_status":"closed","ping_status":"closed","sticky":false,"template":"","format":"standard","meta":[],"categories":[41],"tags":[],"_links":{"self":[{"href":"https:\/\/www.polishscience.pl\/fr\/wp-json\/wp\/v2\/posts\/167731"}],"collection":[{"href":"https:\/\/www.polishscience.pl\/fr\/wp-json\/wp\/v2\/posts"}],"about":[{"href":"https:\/\/www.polishscience.pl\/fr\/wp-json\/wp\/v2\/types\/post"}],"author":[{"embeddable":true,"href":"https:\/\/www.polishscience.pl\/fr\/wp-json\/wp\/v2\/users\/11"}],"replies":[{"embeddable":true,"href":"https:\/\/www.polishscience.pl\/fr\/wp-json\/wp\/v2\/comments?post=167731"}],"version-history":[{"count":0,"href":"https:\/\/www.polishscience.pl\/fr\/wp-json\/wp\/v2\/posts\/167731\/revisions"}],"wp:attachment":[{"href":"https:\/\/www.polishscience.pl\/fr\/wp-json\/wp\/v2\/media?parent=167731"}],"wp:term":[{"taxonomy":"category","embeddable":true,"href":"https:\/\/www.polishscience.pl\/fr\/wp-json\/wp\/v2\/categories?post=167731"},{"taxonomy":"post_tag","embeddable":true,"href":"https:\/\/www.polishscience.pl\/fr\/wp-json\/wp\/v2\/tags?post=167731"}],"curies":[{"name":"wp","href":"https:\/\/api.w.org\/{rel}","templated":true}]}}