{"id":167072,"date":"2021-02-15T15:11:22","date_gmt":"2021-02-15T14:11:22","guid":{"rendered":"https:\/\/polishscience.pl\/?p=167072"},"modified":"2021-02-15T15:11:22","modified_gmt":"2021-02-15T14:11:22","slug":"lacademie-de-lentrepreneuriat-a-luniversite-maria-curie-sklodowska-de-lublin","status":"publish","type":"post","link":"https:\/\/www.polishscience.pl\/fr\/lacademie-de-lentrepreneuriat-a-luniversite-maria-curie-sklodowska-de-lublin\/","title":{"rendered":"L\u2019Acad\u00e9mie de l&rsquo;Entrepreneuriat \u00e0 l&rsquo;Universit\u00e9 Maria Curie Sklodowska de Lublin"},"content":{"rendered":"<p class=\"Standard\"><span lang=\"EN-US\" style=\"font-family: 'Times New Roman',serif;\"><strong>L&rsquo;\u00e9dition de cette ann\u00e9e de l&rsquo;Acad\u00e9mie de l&rsquo;Entrepreneuriat, un programme novateur g\u00e9r\u00e9 par l&rsquo;Universit\u00e9 Maria Curie Sk\u0142odowska (UMCS) de Lublin, se d\u00e9roulera du 4 mars au 8 avril 2021.<\/strong> <\/span><\/p>\n<p class=\"Standard\"><span lang=\"EN-US\" style=\"font-family: 'Times New Roman',serif;\">L&rsquo;Acad\u00e9mie de l&rsquo;entrepreneuriat vise \u00e0 fa\u00e7onner les comp\u00e9tences, \u00e0 d\u00e9velopper les attitudes et les comportements entrepreneuriaux\u00a0\u00bb, a d\u00e9clar\u00e9 Aneta Adamska, porte-parole de l&rsquo;Universit\u00e9 Maria Curie Sk\u0142odowska.<\/span><\/p>\n<p class=\"Standard\"><span lang=\"EN-US\" style=\"font-family: 'Times New Roman',serif;\">L&rsquo;Acad\u00e9mie comprend des ateliers qui permettent entre autres : d&rsquo;acqu\u00e9rir des connaissances pratiques dans le domaine de l&rsquo;entrepreneuriat, de d\u00e9velopper les comp\u00e9tences n\u00e9cessaires dans les domaines cl\u00e9s du fonctionnement d&rsquo;une entreprise, d&rsquo;apprendre \u00e0 conna\u00eetre son propre potentiel et ses possibilit\u00e9s de d\u00e9veloppement, de d\u00e9velopper des comp\u00e9tences relationnelles, de construire un r\u00e9seau de contacts professionnels utiles. <\/span><\/p>\n<p class=\"Standard\"><span lang=\"EN-US\" style=\"font-family: 'Times New Roman',serif;\">L&rsquo;\u00e9dition de l&rsquo;Acad\u00e9mie de cette ann\u00e9e sera mise en \u0153uvre sous le th\u00e8me \u00ab\u00a0L&rsquo;esprit d&rsquo;entreprise est une femme\u00a0\u00bb. Il comprendra une s\u00e9rie de 8 webinaires pour montrer que la d\u00e9cision de suivre son propre parcours professionnel bas\u00e9 sur l&rsquo;activit\u00e9 commerciale peut devenir une alternative int\u00e9ressante, y compris pour les femmes. <\/span><\/p>\n<p class=\"Standard\"><span lang=\"EN-US\" style=\"font-family: 'Times New Roman',serif;\">Pour plus d\u2019informations : <\/span><\/p>\n<p class=\"Standard\"><span lang=\"EN-US\" style=\"font-family: 'Times New Roman',serif;\"><a href=\"https:\/\/www.umcs.pl\/pl\/harmonogram,20715.htm\">https:\/\/www.umcs.pl\/pl\/harmonogram,20715.htm<\/a><\/span><\/p>\n","protected":false},"excerpt":{"rendered":"<p>L&rsquo;\u00e9dition de cette ann\u00e9e de l&rsquo;Acad\u00e9mie de l&rsquo;Entrepreneuriat, un programme novateur g\u00e9r\u00e9 par l&rsquo;Universit\u00e9 Maria Curie Sk\u0142odowska (UMCS) de Lublin, se d\u00e9roulera du 4 mars au 8 avril 2021. L&rsquo;Acad\u00e9mie de l&rsquo;entrepreneuriat vise \u00e0 fa\u00e7onner les comp\u00e9tences, \u00e0 d\u00e9velopper les attitudes et les comportements entrepreneuriaux\u00a0\u00bb, a d\u00e9clar\u00e9 Aneta Adamska, porte-parole de l&rsquo;Universit\u00e9 Maria Curie Sk\u0142odowska. [&hellip;]<\/p>\n","protected":false},"author":11,"featured_media":0,"comment_status":"closed","ping_status":"closed","sticky":false,"template":"","format":"standard","meta":[],"categories":[40,35],"tags":[],"_links":{"self":[{"href":"https:\/\/www.polishscience.pl\/fr\/wp-json\/wp\/v2\/posts\/167072"}],"collection":[{"href":"https:\/\/www.polishscience.pl\/fr\/wp-json\/wp\/v2\/posts"}],"about":[{"href":"https:\/\/www.polishscience.pl\/fr\/wp-json\/wp\/v2\/types\/post"}],"author":[{"embeddable":true,"href":"https:\/\/www.polishscience.pl\/fr\/wp-json\/wp\/v2\/users\/11"}],"replies":[{"embeddable":true,"href":"https:\/\/www.polishscience.pl\/fr\/wp-json\/wp\/v2\/comments?post=167072"}],"version-history":[{"count":0,"href":"https:\/\/www.polishscience.pl\/fr\/wp-json\/wp\/v2\/posts\/167072\/revisions"}],"wp:attachment":[{"href":"https:\/\/www.polishscience.pl\/fr\/wp-json\/wp\/v2\/media?parent=167072"}],"wp:term":[{"taxonomy":"category","embeddable":true,"href":"https:\/\/www.polishscience.pl\/fr\/wp-json\/wp\/v2\/categories?post=167072"},{"taxonomy":"post_tag","embeddable":true,"href":"https:\/\/www.polishscience.pl\/fr\/wp-json\/wp\/v2\/tags?post=167072"}],"curies":[{"name":"wp","href":"https:\/\/api.w.org\/{rel}","templated":true}]}}