{"id":166977,"date":"2021-02-12T16:06:10","date_gmt":"2021-02-12T15:06:10","guid":{"rendered":"https:\/\/polishscience.pl\/?p=166977"},"modified":"2021-02-12T17:40:20","modified_gmt":"2021-02-12T16:40:20","slug":"des-etudiants-de-lodz-concevront-des-vetements-pour-le-personnel-du-pavillon-polonais-a-lexpo-2020-a-dubai","status":"publish","type":"post","link":"https:\/\/www.polishscience.pl\/fr\/des-etudiants-de-lodz-concevront-des-vetements-pour-le-personnel-du-pavillon-polonais-a-lexpo-2020-a-dubai\/","title":{"rendered":"Des \u00e9tudiants de \u0141\u00f3d\u017a concevront des v\u00eatements pour le personnel du Pavillon polonais \u00e0 l&rsquo;EXPO 2020 \u00e0 Duba\u00ef"},"content":{"rendered":"<p class=\"Standard\"><span lang=\"EN-US\" style=\"font-family: 'Times New Roman',serif\">Des \u00e9tudiants en design de la Polytechnique de \u0141\u00f3d\u017a concevront les tenues du personnel du Pavillon polonais \u00e0 l&rsquo;EXPO 2020 de Duba\u00ef, qui a \u00e9t\u00e9 report\u00e9e d&rsquo;un an en raison de la pand\u00e9mie de COVID-19, et qui se d\u00e9roulera entre le 1er octobre 2021 et le 30 mars 2022.<\/span><\/p>\n<p class=\"Standard\"><span lang=\"EN-US\" style=\"font-family: 'Times New Roman',serif\">L&rsquo;EXPO 2020 \u00e0 Duba\u00ef sera la premi\u00e8re exposition mondiale \u00e0 se tenir dans un pays arabe et aspire \u00e0 devenir le plus grand salon de l&rsquo;histoire avec plus de 200 pays et organisations participants, selon les organisateurs. Les organisateurs attendent 18 millions de visiteurs qui en feront 25 millions.<\/span><\/p>\n<p class=\"Standard\"><span lang=\"EN-US\" style=\"font-family: 'Times New Roman',serif\">Les collections des ensembles de v\u00eatements command\u00e9s pour hommes et femmes seront cr\u00e9\u00e9es dans le cadre d&rsquo;un concours organis\u00e9 par la Facult\u00e9 de Technologie des Mat\u00e9riaux et de Design Textile de l&rsquo;Universit\u00e9 de \u0141\u00f3d\u017a. Cette offre est pour moi l&rsquo;expression d&rsquo;une appr\u00e9ciation du haut niveau d&rsquo;\u00e9ducation des futurs stylistes de mode \u00e0 l&rsquo;Universit\u00e9 de \u0141\u00f3d\u017a. C&rsquo;est la meilleure promotion pour l&rsquo;Universit\u00e9 et la Facult\u00e9 &#8211; a d\u00e9clar\u00e9 le recteur de l&rsquo;Universit\u00e9 de \u0141\u00f3d\u017a, le professeur Krzysztof J\u00f3\u017awik, l&rsquo;ambassadeur de l&rsquo;EXPO.<\/span><\/p>\n","protected":false},"excerpt":{"rendered":"<p>Des \u00e9tudiants en design de la Polytechnique de \u0141\u00f3d\u017a concevront les tenues du personnel du Pavillon polonais \u00e0 l&rsquo;EXPO 2020 de Duba\u00ef, qui a \u00e9t\u00e9 report\u00e9e d&rsquo;un an en raison de la pand\u00e9mie de COVID-19, et qui se d\u00e9roulera entre le 1er octobre 2021 et le 30 mars 2022. L&rsquo;EXPO 2020 \u00e0 Duba\u00ef sera la [&hellip;]<\/p>\n","protected":false},"author":11,"featured_media":0,"comment_status":"closed","ping_status":"closed","sticky":false,"template":"","format":"standard","meta":[],"categories":[41],"tags":[],"_links":{"self":[{"href":"https:\/\/www.polishscience.pl\/fr\/wp-json\/wp\/v2\/posts\/166977"}],"collection":[{"href":"https:\/\/www.polishscience.pl\/fr\/wp-json\/wp\/v2\/posts"}],"about":[{"href":"https:\/\/www.polishscience.pl\/fr\/wp-json\/wp\/v2\/types\/post"}],"author":[{"embeddable":true,"href":"https:\/\/www.polishscience.pl\/fr\/wp-json\/wp\/v2\/users\/11"}],"replies":[{"embeddable":true,"href":"https:\/\/www.polishscience.pl\/fr\/wp-json\/wp\/v2\/comments?post=166977"}],"version-history":[{"count":0,"href":"https:\/\/www.polishscience.pl\/fr\/wp-json\/wp\/v2\/posts\/166977\/revisions"}],"wp:attachment":[{"href":"https:\/\/www.polishscience.pl\/fr\/wp-json\/wp\/v2\/media?parent=166977"}],"wp:term":[{"taxonomy":"category","embeddable":true,"href":"https:\/\/www.polishscience.pl\/fr\/wp-json\/wp\/v2\/categories?post=166977"},{"taxonomy":"post_tag","embeddable":true,"href":"https:\/\/www.polishscience.pl\/fr\/wp-json\/wp\/v2\/tags?post=166977"}],"curies":[{"name":"wp","href":"https:\/\/api.w.org\/{rel}","templated":true}]}}