{"id":166616,"date":"2021-02-11T14:42:50","date_gmt":"2021-02-11T13:42:50","guid":{"rendered":"https:\/\/polishscience.pl\/?p=166616"},"modified":"2021-02-11T14:42:50","modified_gmt":"2021-02-11T13:42:50","slug":"la-conference-scientifique-et-artistique-intitulee-les-faces-de-la-guitare-dans-la-recherche-scientifique","status":"publish","type":"post","link":"https:\/\/www.polishscience.pl\/fr\/la-conference-scientifique-et-artistique-intitulee-les-faces-de-la-guitare-dans-la-recherche-scientifique\/","title":{"rendered":"La conf\u00e9rence scientifique et artistique intitul\u00e9e \u00ab\u00a0Les faces de la guitare dans la recherche scientifique\u201d"},"content":{"rendered":"<p><strong>Le D\u00e9partement de Musique et l&rsquo;\u00e9cole doctorale de l&rsquo;Universit\u00e9 des Sciences Humaines\u00a0 Jan D\u0142ugosz \u00e0 Cz\u0119stochowa invitent les 28 et 29 avril \u00e0 la conf\u00e9rence scientifique et artistique internationale pour les doctorants et les jeunes scientifiques intitul\u00e9e \u00a0\u00bb Les faces de la guitare dans la recherche scientifique\u00a0\u00bb.<\/strong><\/p>\n<p>L&rsquo;objectif de la conf\u00e9rence est de donner aux jeunes chercheurs dont les activit\u00e9s sont li\u00e9es \u00e0 la pratique de la guitare la possibilit\u00e9 de publier leurs recherches et leurs r\u00e9flexions sur l&rsquo;interpr\u00e9tation instrumentale, l&rsquo;histoire de l&rsquo;instrument et la m\u00e9thodologie de l&rsquo;enseignement. La conf\u00e9rence permettra aux chercheurs en herbe de Pologne et de l&rsquo;\u00e9tranger d&rsquo;\u00e9changer des id\u00e9es artistiques et d&rsquo;acqu\u00e9rir de l&rsquo;exp\u00e9rience dans la publication moderne de leurs recherches scientifiques.<\/p>\n<p>La conf\u00e9rence &#8211; due \u00e0 la pand\u00e9mie de Covid-19 &#8211; sera organis\u00e9e en ligne. Les demandes de participation sont accept\u00e9es jusqu&rsquo;au 15 mars, l&rsquo;inscription des participants passifs dure jusqu&rsquo;au 15 avril\u00a0\u00bb, peut-on lire sur le site de l&rsquo;universit\u00e9.<\/p>\n","protected":false},"excerpt":{"rendered":"<p>Le D\u00e9partement de Musique et l&rsquo;\u00e9cole doctorale de l&rsquo;Universit\u00e9 des Sciences Humaines\u00a0 Jan D\u0142ugosz \u00e0 Cz\u0119stochowa invitent les 28 et 29 avril \u00e0 la conf\u00e9rence scientifique et artistique internationale pour les doctorants et les jeunes scientifiques intitul\u00e9e \u00a0\u00bb Les faces de la guitare dans la recherche scientifique\u00a0\u00bb. L&rsquo;objectif de la conf\u00e9rence est de donner aux [&hellip;]<\/p>\n","protected":false},"author":11,"featured_media":0,"comment_status":"closed","ping_status":"closed","sticky":false,"template":"","format":"standard","meta":[],"categories":[41],"tags":[],"_links":{"self":[{"href":"https:\/\/www.polishscience.pl\/fr\/wp-json\/wp\/v2\/posts\/166616"}],"collection":[{"href":"https:\/\/www.polishscience.pl\/fr\/wp-json\/wp\/v2\/posts"}],"about":[{"href":"https:\/\/www.polishscience.pl\/fr\/wp-json\/wp\/v2\/types\/post"}],"author":[{"embeddable":true,"href":"https:\/\/www.polishscience.pl\/fr\/wp-json\/wp\/v2\/users\/11"}],"replies":[{"embeddable":true,"href":"https:\/\/www.polishscience.pl\/fr\/wp-json\/wp\/v2\/comments?post=166616"}],"version-history":[{"count":0,"href":"https:\/\/www.polishscience.pl\/fr\/wp-json\/wp\/v2\/posts\/166616\/revisions"}],"wp:attachment":[{"href":"https:\/\/www.polishscience.pl\/fr\/wp-json\/wp\/v2\/media?parent=166616"}],"wp:term":[{"taxonomy":"category","embeddable":true,"href":"https:\/\/www.polishscience.pl\/fr\/wp-json\/wp\/v2\/categories?post=166616"},{"taxonomy":"post_tag","embeddable":true,"href":"https:\/\/www.polishscience.pl\/fr\/wp-json\/wp\/v2\/tags?post=166616"}],"curies":[{"name":"wp","href":"https:\/\/api.w.org\/{rel}","templated":true}]}}