{"id":165651,"date":"2021-02-05T14:27:10","date_gmt":"2021-02-05T13:27:10","guid":{"rendered":"https:\/\/polishscience.pl\/?p=165651"},"modified":"2021-02-05T14:27:10","modified_gmt":"2021-02-05T13:27:10","slug":"un-scientifique-de-luniversite-de-gdansk-est-dans-lequipe-chargee-de-la-mise-a-jour-de-la-politique-urbaine-nationale","status":"publish","type":"post","link":"https:\/\/www.polishscience.pl\/fr\/un-scientifique-de-luniversite-de-gdansk-est-dans-lequipe-chargee-de-la-mise-a-jour-de-la-politique-urbaine-nationale\/","title":{"rendered":"Un scientifique de l&rsquo;Universit\u00e9 de Gda\u0144sk est dans l&rsquo;\u00e9quipe charg\u00e9e de la mise \u00e0 jour de la politique urbaine nationale"},"content":{"rendered":"<p><strong>Le Dr Jakub Szlachetko de la Facult\u00e9 d&rsquo;Oc\u00e9anographie et de G\u00e9ographie de l&rsquo;Universit\u00e9 de Gda\u0144sk, a \u00e9t\u00e9 nomm\u00e9 dans l&rsquo;\u00e9quipe d&rsquo;experts charg\u00e9e d&rsquo;\u00e9laborer la mise \u00e0 jour de la politique urbaine nationale. L&rsquo;\u00e9quipe travaille sous les auspices du Ministre des Fonds et de la Politique R\u00e9gionale et de l&rsquo;Institut du D\u00e9veloppement Urbain et R\u00e9gional &#8211; informe l&rsquo;universit\u00e9.<\/strong><\/p>\n<p>La politique urbaine nationale s&rsquo;adresse aux villes polonaises et \u00e0 leurs zones fonctionnelles. Elle accorde une attention particuli\u00e8re \u00e0 la question du d\u00e9veloppement des petites et moyennes villes. Sa t\u00e2che consiste \u00e0 indiquer o\u00f9 et comment il est possible d&rsquo;accro\u00eetre l&rsquo;efficacit\u00e9 des activit\u00e9s des entit\u00e9s publiques et, indirectement, des entit\u00e9s priv\u00e9es et sociales, afin d&rsquo;atteindre plus efficacement les objectifs de la politique urbaine. Il propose et postule des solutions, des outils et des instruments qui peuvent \u00eatre utilis\u00e9s par les villes.<\/p>\n<p>Le Dr Szlachetko est dipl\u00f4m\u00e9 de trois facult\u00e9s (droit, administration, am\u00e9nagement du territoire), mais il se consid\u00e8re avant tout comme un juriste et un \u00ab\u00a0administrativiste\u00a0\u00bb (sp\u00e9cialis\u00e9 en droit administratif).<\/p>\n<p>Lire la suite : <a href=\"https:\/\/ug.edu.pl\/news\/pl\/755\/dr-jakub-szlachetko-powolany-do-zespolu-opracowujacego-aktualizacje-krajowej-polityki-miejskiej\">https:\/\/ug.edu.pl\/news\/pl\/755\/dr-jakub-szlachetko-powolany-do-zespolu-opracowujacego-aktualizacje-krajowej-polityki-miejskiej<\/a><\/p>\n","protected":false},"excerpt":{"rendered":"<p>Le Dr Jakub Szlachetko de la Facult\u00e9 d&rsquo;Oc\u00e9anographie et de G\u00e9ographie de l&rsquo;Universit\u00e9 de Gda\u0144sk, a \u00e9t\u00e9 nomm\u00e9 dans l&rsquo;\u00e9quipe d&rsquo;experts charg\u00e9e d&rsquo;\u00e9laborer la mise \u00e0 jour de la politique urbaine nationale. L&rsquo;\u00e9quipe travaille sous les auspices du Ministre des Fonds et de la Politique R\u00e9gionale et de l&rsquo;Institut du D\u00e9veloppement Urbain et R\u00e9gional &#8211; [&hellip;]<\/p>\n","protected":false},"author":11,"featured_media":0,"comment_status":"closed","ping_status":"closed","sticky":false,"template":"","format":"standard","meta":[],"categories":[41],"tags":[],"_links":{"self":[{"href":"https:\/\/www.polishscience.pl\/fr\/wp-json\/wp\/v2\/posts\/165651"}],"collection":[{"href":"https:\/\/www.polishscience.pl\/fr\/wp-json\/wp\/v2\/posts"}],"about":[{"href":"https:\/\/www.polishscience.pl\/fr\/wp-json\/wp\/v2\/types\/post"}],"author":[{"embeddable":true,"href":"https:\/\/www.polishscience.pl\/fr\/wp-json\/wp\/v2\/users\/11"}],"replies":[{"embeddable":true,"href":"https:\/\/www.polishscience.pl\/fr\/wp-json\/wp\/v2\/comments?post=165651"}],"version-history":[{"count":0,"href":"https:\/\/www.polishscience.pl\/fr\/wp-json\/wp\/v2\/posts\/165651\/revisions"}],"wp:attachment":[{"href":"https:\/\/www.polishscience.pl\/fr\/wp-json\/wp\/v2\/media?parent=165651"}],"wp:term":[{"taxonomy":"category","embeddable":true,"href":"https:\/\/www.polishscience.pl\/fr\/wp-json\/wp\/v2\/categories?post=165651"},{"taxonomy":"post_tag","embeddable":true,"href":"https:\/\/www.polishscience.pl\/fr\/wp-json\/wp\/v2\/tags?post=165651"}],"curies":[{"name":"wp","href":"https:\/\/api.w.org\/{rel}","templated":true}]}}