{"id":165641,"date":"2021-02-05T12:24:38","date_gmt":"2021-02-05T11:24:38","guid":{"rendered":"https:\/\/polishscience.pl\/?p=165641"},"modified":"2021-02-05T14:25:28","modified_gmt":"2021-02-05T13:25:28","slug":"le-ministre-czarnek-a-visite-la-filiale-de-lacademie-deducation-physique-a-biala-podlaska","status":"publish","type":"post","link":"https:\/\/www.polishscience.pl\/fr\/le-ministre-czarnek-a-visite-la-filiale-de-lacademie-deducation-physique-a-biala-podlaska\/","title":{"rendered":"Le Ministre Czarnek a visit\u00e9 la filiale de l&rsquo;Acad\u00e9mie d&rsquo;\u00c9ducation Physique \u00e0 Bia\u0142a Podlaska"},"content":{"rendered":"<p class=\"Standard\"><strong><span lang=\"EN-US\" style=\"font-family: 'Times New Roman',serif;\">La filiale de Varsovie de l&rsquo;Acad\u00e9mie d&rsquo;\u00c9ducation Physique (AWF) de Biala Podlaska a accueilli une r\u00e9union de repr\u00e9sentants de la communaut\u00e9 scientifique avec le Ministre de l&rsquo;\u00c9ducation et des Sciences Przemyslaw Czarnek, qui a \u00e9t\u00e9 consacr\u00e9e \u00e0 l&rsquo;inauguration d&rsquo;un projet de lutte contre l&rsquo;ob\u00e9sit\u00e9 chez les enfants de l\u2019\u00e9cole primaire.<\/span><\/strong><\/p>\n<p class=\"Standard\"><span lang=\"EN-US\" style=\"font-family: 'Times New Roman',serif;\">Le chef du Minist\u00e8re des Sciences, Przemyslaw Czarnek, se r\u00e9f\u00e9rant aux recherches pr\u00e9sent\u00e9es lors de la r\u00e9union, a d\u00e9clar\u00e9 que \u00ab\u00a0seulement entre 2014 et 2018, l&rsquo;augmentation du poids corporel chez les enfants \u00e9tait de 2 %, ce qui est le pire r\u00e9sultat en Europe. Nous sommes une soci\u00e9t\u00e9 o\u00f9 les jeunes grossissent le plus rapidement. C&rsquo;est pourquoi certaines mesures doivent \u00eatre prises ici et maintenant &#8211; a soulign\u00e9 le ministre Czarnek.<\/span><\/p>\n<p class=\"Standard\"><span lang=\"EN-US\" style=\"font-family: 'Times New Roman',serif;\">Il a \u00e9galement not\u00e9 que la pand\u00e9mie et l&rsquo;enseignement \u00e0 distance ont sans aucun doute exacerb\u00e9 le probl\u00e8me. Il a expliqu\u00e9 que le plus grand probl\u00e8me de l&rsquo;ob\u00e9sit\u00e9 est que les filles \u00e9tudient dans les classes I \u00e0 III. <\/span><\/p>\n<p class=\"Standard\"><span lang=\"EN-US\" style=\"font-family: 'Times New Roman',serif;\">Nous voulons compl\u00e9ter le programme des clubs sportifs scolaires, pour encourager les enfants \u00e0 bouger, par des activit\u00e9s qui permettront de lutter plus efficacement contre le probl\u00e8me de l&rsquo;ob\u00e9sit\u00e9 &#8211; a d\u00e9clar\u00e9 le chef du minist\u00e8re des sciences.<\/span><\/p>\n","protected":false},"excerpt":{"rendered":"<p>La filiale de Varsovie de l&rsquo;Acad\u00e9mie d&rsquo;\u00c9ducation Physique (AWF) de Biala Podlaska a accueilli une r\u00e9union de repr\u00e9sentants de la communaut\u00e9 scientifique avec le Ministre de l&rsquo;\u00c9ducation et des Sciences Przemyslaw Czarnek, qui a \u00e9t\u00e9 consacr\u00e9e \u00e0 l&rsquo;inauguration d&rsquo;un projet de lutte contre l&rsquo;ob\u00e9sit\u00e9 chez les enfants de l\u2019\u00e9cole primaire. Le chef du Minist\u00e8re des [&hellip;]<\/p>\n","protected":false},"author":11,"featured_media":0,"comment_status":"closed","ping_status":"closed","sticky":false,"template":"","format":"standard","meta":[],"categories":[35],"tags":[],"_links":{"self":[{"href":"https:\/\/www.polishscience.pl\/fr\/wp-json\/wp\/v2\/posts\/165641"}],"collection":[{"href":"https:\/\/www.polishscience.pl\/fr\/wp-json\/wp\/v2\/posts"}],"about":[{"href":"https:\/\/www.polishscience.pl\/fr\/wp-json\/wp\/v2\/types\/post"}],"author":[{"embeddable":true,"href":"https:\/\/www.polishscience.pl\/fr\/wp-json\/wp\/v2\/users\/11"}],"replies":[{"embeddable":true,"href":"https:\/\/www.polishscience.pl\/fr\/wp-json\/wp\/v2\/comments?post=165641"}],"version-history":[{"count":0,"href":"https:\/\/www.polishscience.pl\/fr\/wp-json\/wp\/v2\/posts\/165641\/revisions"}],"wp:attachment":[{"href":"https:\/\/www.polishscience.pl\/fr\/wp-json\/wp\/v2\/media?parent=165641"}],"wp:term":[{"taxonomy":"category","embeddable":true,"href":"https:\/\/www.polishscience.pl\/fr\/wp-json\/wp\/v2\/categories?post=165641"},{"taxonomy":"post_tag","embeddable":true,"href":"https:\/\/www.polishscience.pl\/fr\/wp-json\/wp\/v2\/tags?post=165641"}],"curies":[{"name":"wp","href":"https:\/\/api.w.org\/{rel}","templated":true}]}}