{"id":165179,"date":"2021-02-03T15:20:26","date_gmt":"2021-02-03T14:20:26","guid":{"rendered":"https:\/\/polishscience.pl\/?p=165179"},"modified":"2021-02-03T16:21:18","modified_gmt":"2021-02-03T15:21:18","slug":"les-employeurs-de-la-republique-de-pologne-ont-recompense-lancien-recteur-de-luniversite-cardinal-stefan-wyszynski","status":"publish","type":"post","link":"https:\/\/www.polishscience.pl\/fr\/les-employeurs-de-la-republique-de-pologne-ont-recompense-lancien-recteur-de-luniversite-cardinal-stefan-wyszynski\/","title":{"rendered":"Les employeurs de la R\u00e9publique de Pologne ont r\u00e9compens\u00e9 l&rsquo;ancien recteur de l&rsquo;Universit\u00e9 Cardinal Stefan Wyszy\u0144ski"},"content":{"rendered":"<p class=\"Standard\"><span lang=\"EN-US\" style=\"font-family: 'Times New Roman',serif;\"><strong>Les employeurs de la R\u00e9publique de Pologne ont r\u00e9compens\u00e9 le r\u00e9v\u00e9rend Stanis\u0142aw Dzieko\u0144ski, ancien recteur de l&rsquo;Universit\u00e9 Cardinal Stefan Wyszy\u0144ski (UKSW) \u00e0 Varsovie, pour ses activit\u00e9s au service de la soci\u00e9t\u00e9 et de l&rsquo;\u00e9conomie.<\/strong> <\/span><\/p>\n<p class=\"Standard\"><span lang=\"EN-US\" style=\"font-family: 'Times New Roman',serif;\">Le Prix des employeurs de la R\u00e9publique de Pologne est d\u00e9cern\u00e9 depuis 2002. L&rsquo;ancien recteur de l&rsquo;UKSW a re\u00e7u le prix Wektory 2020 pour la promotion d&rsquo;id\u00e9es au service de la soci\u00e9t\u00e9 et de l&rsquo;\u00e9conomie, la liaison du monde de la science et des affaires et la cr\u00e9ation du Centre de Recherche Multidisciplinaire, informe l&rsquo;UKSW.<\/span><\/p>\n<p class=\"Standard\"><span lang=\"EN-US\" style=\"font-family: 'Times New Roman',serif;\">Je consid\u00e8re ce prix comme une invitation \u00e0 poursuivre un travail plus intensif. Pour une plus grande ing\u00e9niosit\u00e9 dans la coop\u00e9ration entre la science et la vie \u00e9conomique. Je suis convaincu que ce que nous cr\u00e9erons \u00e0 l&rsquo;avenir contribuera de mani\u00e8re significative au d\u00e9veloppement de l&rsquo;esprit d&rsquo;entreprise en Pologne\u00a0\u00bb, a d\u00e9clar\u00e9 le professeur Dzieko\u0144ski.<\/span><\/p>\n","protected":false},"excerpt":{"rendered":"<p>Les employeurs de la R\u00e9publique de Pologne ont r\u00e9compens\u00e9 le r\u00e9v\u00e9rend Stanis\u0142aw Dzieko\u0144ski, ancien recteur de l&rsquo;Universit\u00e9 Cardinal Stefan Wyszy\u0144ski (UKSW) \u00e0 Varsovie, pour ses activit\u00e9s au service de la soci\u00e9t\u00e9 et de l&rsquo;\u00e9conomie. Le Prix des employeurs de la R\u00e9publique de Pologne est d\u00e9cern\u00e9 depuis 2002. L&rsquo;ancien recteur de l&rsquo;UKSW a re\u00e7u le prix [&hellip;]<\/p>\n","protected":false},"author":11,"featured_media":0,"comment_status":"closed","ping_status":"closed","sticky":false,"template":"","format":"standard","meta":[],"categories":[41],"tags":[],"_links":{"self":[{"href":"https:\/\/www.polishscience.pl\/fr\/wp-json\/wp\/v2\/posts\/165179"}],"collection":[{"href":"https:\/\/www.polishscience.pl\/fr\/wp-json\/wp\/v2\/posts"}],"about":[{"href":"https:\/\/www.polishscience.pl\/fr\/wp-json\/wp\/v2\/types\/post"}],"author":[{"embeddable":true,"href":"https:\/\/www.polishscience.pl\/fr\/wp-json\/wp\/v2\/users\/11"}],"replies":[{"embeddable":true,"href":"https:\/\/www.polishscience.pl\/fr\/wp-json\/wp\/v2\/comments?post=165179"}],"version-history":[{"count":0,"href":"https:\/\/www.polishscience.pl\/fr\/wp-json\/wp\/v2\/posts\/165179\/revisions"}],"wp:attachment":[{"href":"https:\/\/www.polishscience.pl\/fr\/wp-json\/wp\/v2\/media?parent=165179"}],"wp:term":[{"taxonomy":"category","embeddable":true,"href":"https:\/\/www.polishscience.pl\/fr\/wp-json\/wp\/v2\/categories?post=165179"},{"taxonomy":"post_tag","embeddable":true,"href":"https:\/\/www.polishscience.pl\/fr\/wp-json\/wp\/v2\/tags?post=165179"}],"curies":[{"name":"wp","href":"https:\/\/api.w.org\/{rel}","templated":true}]}}