{"id":165176,"date":"2021-02-03T15:20:34","date_gmt":"2021-02-03T14:20:34","guid":{"rendered":"https:\/\/polishscience.pl\/?p=165176"},"modified":"2021-02-03T16:21:12","modified_gmt":"2021-02-03T15:21:12","slug":"la-creation-dun-pole-spatial-subcarpatique","status":"publish","type":"post","link":"https:\/\/www.polishscience.pl\/fr\/la-creation-dun-pole-spatial-subcarpatique\/","title":{"rendered":"La cr\u00e9ation d&rsquo;un p\u00f4le spatial subcarpatique"},"content":{"rendered":"<p><strong>Un accord entre le gouvernement local de la vo\u00efvodie des Basses-Carpates, la soci\u00e9t\u00e9 Exatel et deux universit\u00e9s a \u00e9t\u00e9 sign\u00e9 au Centre d&rsquo;Exposition et de Congr\u00e8s G2A Arena de la vo\u00efvodie des Basses-Carpates. L&rsquo;accord pr\u00e9voit la cr\u00e9ation d&rsquo;un p\u00f4le spatial dans la r\u00e9gion et la r\u00e9alisation du projet de syst\u00e8me d&rsquo;observation de la Terre par satellite.<\/strong><\/p>\n<p>La lettre a \u00e9t\u00e9 sign\u00e9e par des repr\u00e9sentants du gouvernement local de la vo\u00efvodie des Basses-Carpates, de la soci\u00e9t\u00e9 Exatel SA, la Polytechnique Ignacy \u0141ukasiewicz de Rzesz\u00f3w et de l&rsquo;\u00c9cole Sup\u00e9rieure d&rsquo;\u00c9tat de Technologie et d&rsquo;\u00c9conomie Bronis\u0142\u0105w \u00a0Markiewicz \u00e0 Jaros\u0142aw.<\/p>\n<p>L&rsquo;objectif principal du cluster est de d\u00e9velopper les comp\u00e9tences nationales en mati\u00e8re de technologies spatiales et de techniques satellitaires avec la participation du secteur commercial et scientifique.<\/p>\n<p>Les signataires de la lettre ont l&rsquo;intention de coop\u00e9rer \u00e0 la pr\u00e9paration de la demande dans le cadre du Plan national de reconstruction, concernant la cr\u00e9ation du syst\u00e8me d&rsquo;observation de la Terre par satellite. Il sera d\u00e9velopp\u00e9 en coop\u00e9ration avec le Minist\u00e8re de la D\u00e9fense Nationale. C&rsquo;est ainsi que la premi\u00e8re constellation polonaise de satellites d&rsquo;observation va \u00eatre cr\u00e9\u00e9e.<\/p>\n","protected":false},"excerpt":{"rendered":"<p>Un accord entre le gouvernement local de la vo\u00efvodie des Basses-Carpates, la soci\u00e9t\u00e9 Exatel et deux universit\u00e9s a \u00e9t\u00e9 sign\u00e9 au Centre d&rsquo;Exposition et de Congr\u00e8s G2A Arena de la vo\u00efvodie des Basses-Carpates. L&rsquo;accord pr\u00e9voit la cr\u00e9ation d&rsquo;un p\u00f4le spatial dans la r\u00e9gion et la r\u00e9alisation du projet de syst\u00e8me d&rsquo;observation de la Terre par [&hellip;]<\/p>\n","protected":false},"author":11,"featured_media":0,"comment_status":"closed","ping_status":"closed","sticky":false,"template":"","format":"standard","meta":[],"categories":[40],"tags":[],"_links":{"self":[{"href":"https:\/\/www.polishscience.pl\/fr\/wp-json\/wp\/v2\/posts\/165176"}],"collection":[{"href":"https:\/\/www.polishscience.pl\/fr\/wp-json\/wp\/v2\/posts"}],"about":[{"href":"https:\/\/www.polishscience.pl\/fr\/wp-json\/wp\/v2\/types\/post"}],"author":[{"embeddable":true,"href":"https:\/\/www.polishscience.pl\/fr\/wp-json\/wp\/v2\/users\/11"}],"replies":[{"embeddable":true,"href":"https:\/\/www.polishscience.pl\/fr\/wp-json\/wp\/v2\/comments?post=165176"}],"version-history":[{"count":0,"href":"https:\/\/www.polishscience.pl\/fr\/wp-json\/wp\/v2\/posts\/165176\/revisions"}],"wp:attachment":[{"href":"https:\/\/www.polishscience.pl\/fr\/wp-json\/wp\/v2\/media?parent=165176"}],"wp:term":[{"taxonomy":"category","embeddable":true,"href":"https:\/\/www.polishscience.pl\/fr\/wp-json\/wp\/v2\/categories?post=165176"},{"taxonomy":"post_tag","embeddable":true,"href":"https:\/\/www.polishscience.pl\/fr\/wp-json\/wp\/v2\/tags?post=165176"}],"curies":[{"name":"wp","href":"https:\/\/api.w.org\/{rel}","templated":true}]}}