{"id":165172,"date":"2021-02-03T13:20:29","date_gmt":"2021-02-03T12:20:29","guid":{"rendered":"https:\/\/polishscience.pl\/?p=165172"},"modified":"2021-02-03T16:21:01","modified_gmt":"2021-02-03T15:21:01","slug":"la-conference-scientifique-sur-les-conflits-les-differents-les-querelles","status":"publish","type":"post","link":"https:\/\/www.polishscience.pl\/fr\/la-conference-scientifique-sur-les-conflits-les-differents-les-querelles\/","title":{"rendered":"La conf\u00e9rence scientifique sur \u00ab\u00a0les conflits, les diff\u00e9rents, les querelles\u00a0\u00bb"},"content":{"rendered":"<p><strong>Le Centre de Recherche Facta Ficta, l&rsquo;Institut de Linguistique et d&rsquo;\u00c9tudes Litt\u00e9raires de l&rsquo;Universit\u00e9 des Sciences Naturelles et des Sciences Humaines de Siedlce et le D\u00e9partement d&rsquo;\u00c9tudes Comparatives des Civilisations de l&rsquo;Universit\u00e9 Jagellonne organisent une conf\u00e9rence scientifique en ligne \u00e0 l&rsquo;\u00e9chelle nationale intitul\u00e9e \u00ab\u00a0les conflits, les diff\u00e9rends, les querelles\u00a0\u00bb qui aura lieu le 6 f\u00e9vrier.<\/strong><\/p>\n<p>Pendant la conf\u00e9rence, les organisateurs esp\u00e8rent r\u00e9pondre aux questions :\u00a0 Vivons-nous dans un monde de conflits constants, sommes-nous participants ou spectateurs de disputes et de querelles ? Quel est l&rsquo;impact de ces ph\u00e9nom\u00e8nes sur les individus et les groupes ? Dans quelle mesure sommes-nous de simples spectateurs et dans quelle mesure participons-nous aux incidents, sommes-nous leurs auteurs ou leurs victimes ?<\/p>\n<p>La discussion portera, entre autres, sur les questions suivantes : la langue du conflit, la rh\u00e9torique du conflit ; les conflits politiques ; les conflits locaux, les conflits internationaux ; les conflits militaires ; les conflits ethniques ; les conflits identitaires ; les conflits religieux ; le COVID19 &#8211; pand\u00e9mie et conflit ; l&rsquo;\u00e9ducation face au conflit.<\/p>\n","protected":false},"excerpt":{"rendered":"<p>Le Centre de Recherche Facta Ficta, l&rsquo;Institut de Linguistique et d&rsquo;\u00c9tudes Litt\u00e9raires de l&rsquo;Universit\u00e9 des Sciences Naturelles et des Sciences Humaines de Siedlce et le D\u00e9partement d&rsquo;\u00c9tudes Comparatives des Civilisations de l&rsquo;Universit\u00e9 Jagellonne organisent une conf\u00e9rence scientifique en ligne \u00e0 l&rsquo;\u00e9chelle nationale intitul\u00e9e \u00ab\u00a0les conflits, les diff\u00e9rends, les querelles\u00a0\u00bb qui aura lieu le 6 f\u00e9vrier. [&hellip;]<\/p>\n","protected":false},"author":11,"featured_media":0,"comment_status":"closed","ping_status":"closed","sticky":false,"template":"","format":"standard","meta":[],"categories":[41,37],"tags":[],"_links":{"self":[{"href":"https:\/\/www.polishscience.pl\/fr\/wp-json\/wp\/v2\/posts\/165172"}],"collection":[{"href":"https:\/\/www.polishscience.pl\/fr\/wp-json\/wp\/v2\/posts"}],"about":[{"href":"https:\/\/www.polishscience.pl\/fr\/wp-json\/wp\/v2\/types\/post"}],"author":[{"embeddable":true,"href":"https:\/\/www.polishscience.pl\/fr\/wp-json\/wp\/v2\/users\/11"}],"replies":[{"embeddable":true,"href":"https:\/\/www.polishscience.pl\/fr\/wp-json\/wp\/v2\/comments?post=165172"}],"version-history":[{"count":0,"href":"https:\/\/www.polishscience.pl\/fr\/wp-json\/wp\/v2\/posts\/165172\/revisions"}],"wp:attachment":[{"href":"https:\/\/www.polishscience.pl\/fr\/wp-json\/wp\/v2\/media?parent=165172"}],"wp:term":[{"taxonomy":"category","embeddable":true,"href":"https:\/\/www.polishscience.pl\/fr\/wp-json\/wp\/v2\/categories?post=165172"},{"taxonomy":"post_tag","embeddable":true,"href":"https:\/\/www.polishscience.pl\/fr\/wp-json\/wp\/v2\/tags?post=165172"}],"curies":[{"name":"wp","href":"https:\/\/api.w.org\/{rel}","templated":true}]}}