{"id":164674,"date":"2021-02-02T13:57:55","date_gmt":"2021-02-02T12:57:55","guid":{"rendered":"https:\/\/polishscience.pl\/?p=164674"},"modified":"2021-02-02T16:58:17","modified_gmt":"2021-02-02T15:58:17","slug":"le-ministre-de-leducation-et-des-sciences-a-annonce-la-creation-dune-nouvelle-discipline-scientifique","status":"publish","type":"post","link":"https:\/\/www.polishscience.pl\/fr\/le-ministre-de-leducation-et-des-sciences-a-annonce-la-creation-dune-nouvelle-discipline-scientifique\/","title":{"rendered":"Le Ministre de l&rsquo;\u00c9ducation et des Sciences a annonc\u00e9 la cr\u00e9ation d&rsquo;une nouvelle discipline scientifique"},"content":{"rendered":"<p class=\"Standard\"><strong><span lang=\"EN-US\" style=\"font-family: 'Times New Roman',serif;\">La science est une recherche de la v\u00e9rit\u00e9, si elle ne cherche pas la v\u00e9rit\u00e9, c&rsquo;est qu&rsquo;elle adore la stupidit\u00e9, nous le voyons aujourd&rsquo;hui en de nombreux endroits dans les universit\u00e9s polonaises &#8211; a d\u00e9clar\u00e9 le Ministre de l&rsquo;\u00c9ducation et des Sciences Przemys\u0142aw Czarnek le samedi 30 janvier \u00e0 l&rsquo;Universit\u00e9 Catholique de Lublin.<\/span><\/strong><\/p>\n<p class=\"Standard\"><span lang=\"EN-US\" style=\"font-family: 'Times New Roman',serif;\">Le Ministre de l&rsquo;\u00c9ducation et des Sciences a \u00e9galement annonc\u00e9 la cr\u00e9ation d&rsquo;une nouvelle discipline scientifique, qui sera la science familiale.<\/span><\/p>\n<p class=\"Standard\"><span lang=\"EN-US\" style=\"font-family: 'Times New Roman',serif;\">La t\u00e2che des universit\u00e9s est d&rsquo;\u00e9duquer les gens, et cela ne peut \u00eatre r\u00e9alis\u00e9 qu&rsquo;en recherchant la v\u00e9rit\u00e9. Ce n&rsquo;est que lorsque l&rsquo;universit\u00e9 \u00e9veillera le d\u00e9sir de v\u00e9rit\u00e9 et que les gens auront une vision du monde que les enseignants pourront tirer satisfaction d&rsquo;un devoir bien fait\u00a0\u00bb, a d\u00e9clar\u00e9 Przemyslaw Czarnek \u00e0 la KUL.<\/span><\/p>\n<p class=\"Standard\"><span lang=\"EN-US\" style=\"font-family: 'Times New Roman',serif;\">Le ministre a cit\u00e9 les paroles du cardinal Stefan Wyszy\u0144ski selon lesquelles \u00ab\u00a0la t\u00e2che la plus importante de la science catholique en temps de crise terrible sera de reconna\u00eetre la nature inh\u00e9rente de la personne humaine\u00a0\u00bb.<\/span><\/p>\n","protected":false},"excerpt":{"rendered":"<p>La science est une recherche de la v\u00e9rit\u00e9, si elle ne cherche pas la v\u00e9rit\u00e9, c&rsquo;est qu&rsquo;elle adore la stupidit\u00e9, nous le voyons aujourd&rsquo;hui en de nombreux endroits dans les universit\u00e9s polonaises &#8211; a d\u00e9clar\u00e9 le Ministre de l&rsquo;\u00c9ducation et des Sciences Przemys\u0142aw Czarnek le samedi 30 janvier \u00e0 l&rsquo;Universit\u00e9 Catholique de Lublin. Le Ministre [&hellip;]<\/p>\n","protected":false},"author":11,"featured_media":0,"comment_status":"closed","ping_status":"closed","sticky":false,"template":"","format":"standard","meta":[],"categories":[35],"tags":[],"_links":{"self":[{"href":"https:\/\/www.polishscience.pl\/fr\/wp-json\/wp\/v2\/posts\/164674"}],"collection":[{"href":"https:\/\/www.polishscience.pl\/fr\/wp-json\/wp\/v2\/posts"}],"about":[{"href":"https:\/\/www.polishscience.pl\/fr\/wp-json\/wp\/v2\/types\/post"}],"author":[{"embeddable":true,"href":"https:\/\/www.polishscience.pl\/fr\/wp-json\/wp\/v2\/users\/11"}],"replies":[{"embeddable":true,"href":"https:\/\/www.polishscience.pl\/fr\/wp-json\/wp\/v2\/comments?post=164674"}],"version-history":[{"count":0,"href":"https:\/\/www.polishscience.pl\/fr\/wp-json\/wp\/v2\/posts\/164674\/revisions"}],"wp:attachment":[{"href":"https:\/\/www.polishscience.pl\/fr\/wp-json\/wp\/v2\/media?parent=164674"}],"wp:term":[{"taxonomy":"category","embeddable":true,"href":"https:\/\/www.polishscience.pl\/fr\/wp-json\/wp\/v2\/categories?post=164674"},{"taxonomy":"post_tag","embeddable":true,"href":"https:\/\/www.polishscience.pl\/fr\/wp-json\/wp\/v2\/tags?post=164674"}],"curies":[{"name":"wp","href":"https:\/\/api.w.org\/{rel}","templated":true}]}}