{"id":164444,"date":"2021-02-01T12:48:09","date_gmt":"2021-02-01T11:48:09","guid":{"rendered":"https:\/\/polishscience.pl\/?p=164444"},"modified":"2021-02-02T12:49:01","modified_gmt":"2021-02-02T11:49:01","slug":"un-accord-de-cooperation-a-long-terme-entre-la-radio-polonaise-et-luniversite-catholique-de-lublin-kul","status":"publish","type":"post","link":"https:\/\/www.polishscience.pl\/fr\/un-accord-de-cooperation-a-long-terme-entre-la-radio-polonaise-et-luniversite-catholique-de-lublin-kul\/","title":{"rendered":"Un accord de coop\u00e9ration \u00e0 long terme entre la Radio polonaise et l&rsquo;Universit\u00e9 Catholique de Lublin (KUL)"},"content":{"rendered":"<p class=\"Standard\"><strong><span lang=\"EN-US\" style=\"font-family: 'Times New Roman',serif;\">La Radio polonaise et l&rsquo;Universit\u00e9 Catholique de Lublin (KUL) entrent en \u00e9troite collaboration. Le jeudi 28 janvier, un accord sur la coop\u00e9ration \u00e0 long terme et \u00e0 multiples facettes a \u00e9t\u00e9 sign\u00e9 au si\u00e8ge de la Radio polonaise \u00e0 Varsovie.<\/span><\/strong><\/p>\n<p class=\"Standard\"><span lang=\"EN-US\" style=\"font-family: 'Times New Roman',serif;\">La coop\u00e9ration comprendra des \u00ab\u00a0activit\u00e9s multim\u00e9dias visant \u00e0 promouvoir les valeurs patriotiques et chr\u00e9tiennes\u00a0\u00bb. L&rsquo;Universit\u00e9 Catholique de Lublin mettra ses experts \u00e0 la disposition du radiodiffuseur public et la Radio polonaise offrira une pratique journalistique aux \u00e9tudiants de l&rsquo;universit\u00e9.<\/span><\/p>\n<p class=\"Standard\"><span lang=\"EN-US\" style=\"font-family: 'Times New Roman',serif;\">Cet accord implique une coop\u00e9ration intellectuelle et substantielle, ainsi que des \u00e9changes d&rsquo;exp\u00e9riences avec les \u00e9tudiants de l&rsquo;universit\u00e9. Notre coop\u00e9ration apportera de bons r\u00e9sultats pour les auditeurs, la soci\u00e9t\u00e9 et sera l&rsquo;accomplissement de la mission inscrite dans notre activit\u00e9\u00a0\u00bb, a d\u00e9clar\u00e9 Agnieszka Kami\u0144ska, le pr\u00e9sident de Polskie Radio.<\/span><\/p>\n<p class=\"Standard\"><span lang=\"EN-US\" style=\"font-family: 'Times New Roman',serif;\">Nos institutions sont presque contemporaines, je crois donc que lorsque nous unissons nos forces, nous sommes destin\u00e9s au succ\u00e8s, ce qui sert en fait les objectifs qui sont inscrits dans les statuts de la Radio polonaise et de l&rsquo;Universit\u00e9 Catholique de Lublin\u00a0\u00bb, a soulign\u00e9 le p\u00e8re professeur Miros\u0142aw Kalinowski, recteur de l&rsquo;Universit\u00e9 Catholique de Lublin.<\/span><\/p>\n","protected":false},"excerpt":{"rendered":"<p>La Radio polonaise et l&rsquo;Universit\u00e9 Catholique de Lublin (KUL) entrent en \u00e9troite collaboration. Le jeudi 28 janvier, un accord sur la coop\u00e9ration \u00e0 long terme et \u00e0 multiples facettes a \u00e9t\u00e9 sign\u00e9 au si\u00e8ge de la Radio polonaise \u00e0 Varsovie. La coop\u00e9ration comprendra des \u00ab\u00a0activit\u00e9s multim\u00e9dias visant \u00e0 promouvoir les valeurs patriotiques et chr\u00e9tiennes\u00a0\u00bb. L&rsquo;Universit\u00e9 [&hellip;]<\/p>\n","protected":false},"author":11,"featured_media":0,"comment_status":"closed","ping_status":"closed","sticky":false,"template":"","format":"standard","meta":[],"categories":[35],"tags":[],"_links":{"self":[{"href":"https:\/\/www.polishscience.pl\/fr\/wp-json\/wp\/v2\/posts\/164444"}],"collection":[{"href":"https:\/\/www.polishscience.pl\/fr\/wp-json\/wp\/v2\/posts"}],"about":[{"href":"https:\/\/www.polishscience.pl\/fr\/wp-json\/wp\/v2\/types\/post"}],"author":[{"embeddable":true,"href":"https:\/\/www.polishscience.pl\/fr\/wp-json\/wp\/v2\/users\/11"}],"replies":[{"embeddable":true,"href":"https:\/\/www.polishscience.pl\/fr\/wp-json\/wp\/v2\/comments?post=164444"}],"version-history":[{"count":0,"href":"https:\/\/www.polishscience.pl\/fr\/wp-json\/wp\/v2\/posts\/164444\/revisions"}],"wp:attachment":[{"href":"https:\/\/www.polishscience.pl\/fr\/wp-json\/wp\/v2\/media?parent=164444"}],"wp:term":[{"taxonomy":"category","embeddable":true,"href":"https:\/\/www.polishscience.pl\/fr\/wp-json\/wp\/v2\/categories?post=164444"},{"taxonomy":"post_tag","embeddable":true,"href":"https:\/\/www.polishscience.pl\/fr\/wp-json\/wp\/v2\/tags?post=164444"}],"curies":[{"name":"wp","href":"https:\/\/api.w.org\/{rel}","templated":true}]}}