{"id":163847,"date":"2021-01-29T19:05:36","date_gmt":"2021-01-29T18:05:36","guid":{"rendered":"https:\/\/polishscience.pl\/?p=163847"},"modified":"2021-02-01T13:08:14","modified_gmt":"2021-02-01T12:08:14","slug":"le-defis-de-leducation-musicale-au-21e-siecle-une-conference-a-lacademie-de-musique-a-poznan","status":"publish","type":"post","link":"https:\/\/www.polishscience.pl\/fr\/le-defis-de-leducation-musicale-au-21e-siecle-une-conference-a-lacademie-de-musique-a-poznan\/","title":{"rendered":"Le d\u00e9fis de l&rsquo;\u00e9ducation musicale au 21e si\u00e8cle &#8211; une conf\u00e9rence \u00e0 l&rsquo;Acad\u00e9mie de Musique \u00e0 Pozna\u0144"},"content":{"rendered":"<p><strong>L&rsquo;Institut d&rsquo;\u00c9ducation artistique et la Chaire d&rsquo;\u00c9ducation Musicale de l&rsquo;Acad\u00e9mie de Musique \u00e0 Pozna\u0144\u00a0 invitent \u00e0 la 8e Conf\u00e9rence Internationale \u00ab\u00a0Les d\u00e9fis de l&rsquo;\u00e9ducation musicale au 21e si\u00e8cle. Les contextes psychop\u00e9dagogiques et sociaux de l&rsquo;\u00e9ducation musicale\u00a0\u00bb.<\/strong><\/p>\n<p>Les conf\u00e9rences et les ateliers pr\u00e9vus dans le cadre de l&rsquo;\u00e9v\u00e9nement se d\u00e9rouleront en ligne \u00e0 l&rsquo;aide de la plateforme MSTeams. La conf\u00e9rence sera r\u00e9alis\u00e9e en coop\u00e9ration avec les participants du projet EDU-action 2020-2021 : Accro\u00eetre l&rsquo;excellence &#8211; en mettant en relation les communaut\u00e9s d&rsquo;\u00e9ducation musicale et culturelle en Pologne, en Norv\u00e8ge et en Islande.<\/p>\n<p>L&rsquo;objectif de la conf\u00e9rence est d&rsquo;augmenter la qualit\u00e9 et l&rsquo;efficacit\u00e9 du processus \u00e9ducatif en enrichissant l&rsquo;atelier m\u00e9thodologique des enseignants, la pr\u00e9sentation des recherches actuelles et l&rsquo;\u00e9change d&rsquo;exp\u00e9riences dans la mise en \u0153uvre des \u00e9l\u00e9ments du syst\u00e8me d&rsquo;\u00e9ducation musicale. Il est ouvert aux \u00e9tudiants et aux dipl\u00f4m\u00e9s des acad\u00e9mies de musique, aux professeurs d&rsquo;universit\u00e9 &#8211; informe les organisateurs.<\/p>\n","protected":false},"excerpt":{"rendered":"<p>L&rsquo;Institut d&rsquo;\u00c9ducation artistique et la Chaire d&rsquo;\u00c9ducation Musicale de l&rsquo;Acad\u00e9mie de Musique \u00e0 Pozna\u0144\u00a0 invitent \u00e0 la 8e Conf\u00e9rence Internationale \u00ab\u00a0Les d\u00e9fis de l&rsquo;\u00e9ducation musicale au 21e si\u00e8cle. Les contextes psychop\u00e9dagogiques et sociaux de l&rsquo;\u00e9ducation musicale\u00a0\u00bb. Les conf\u00e9rences et les ateliers pr\u00e9vus dans le cadre de l&rsquo;\u00e9v\u00e9nement se d\u00e9rouleront en ligne \u00e0 l&rsquo;aide de la [&hellip;]<\/p>\n","protected":false},"author":11,"featured_media":0,"comment_status":"closed","ping_status":"closed","sticky":false,"template":"","format":"standard","meta":[],"categories":[41],"tags":[],"_links":{"self":[{"href":"https:\/\/www.polishscience.pl\/fr\/wp-json\/wp\/v2\/posts\/163847"}],"collection":[{"href":"https:\/\/www.polishscience.pl\/fr\/wp-json\/wp\/v2\/posts"}],"about":[{"href":"https:\/\/www.polishscience.pl\/fr\/wp-json\/wp\/v2\/types\/post"}],"author":[{"embeddable":true,"href":"https:\/\/www.polishscience.pl\/fr\/wp-json\/wp\/v2\/users\/11"}],"replies":[{"embeddable":true,"href":"https:\/\/www.polishscience.pl\/fr\/wp-json\/wp\/v2\/comments?post=163847"}],"version-history":[{"count":0,"href":"https:\/\/www.polishscience.pl\/fr\/wp-json\/wp\/v2\/posts\/163847\/revisions"}],"wp:attachment":[{"href":"https:\/\/www.polishscience.pl\/fr\/wp-json\/wp\/v2\/media?parent=163847"}],"wp:term":[{"taxonomy":"category","embeddable":true,"href":"https:\/\/www.polishscience.pl\/fr\/wp-json\/wp\/v2\/categories?post=163847"},{"taxonomy":"post_tag","embeddable":true,"href":"https:\/\/www.polishscience.pl\/fr\/wp-json\/wp\/v2\/tags?post=163847"}],"curies":[{"name":"wp","href":"https:\/\/api.w.org\/{rel}","templated":true}]}}