{"id":163825,"date":"2021-01-29T13:05:26","date_gmt":"2021-01-29T12:05:26","guid":{"rendered":"https:\/\/polishscience.pl\/?p=163825"},"modified":"2021-02-01T13:06:04","modified_gmt":"2021-02-01T12:06:04","slug":"luniversite-catholique-de-lublin-a-cree-un-fonds-de-subventions-pour-les-missions-universitaires","status":"publish","type":"post","link":"https:\/\/www.polishscience.pl\/fr\/luniversite-catholique-de-lublin-a-cree-un-fonds-de-subventions-pour-les-missions-universitaires\/","title":{"rendered":"L&rsquo;Universit\u00e9 Catholique de Lublin a cr\u00e9\u00e9 un fonds de subventions pour les missions universitaires"},"content":{"rendered":"<p class=\"Standard\"><strong><span lang=\"EN-US\" style=\"font-family: 'Times New Roman',serif;\">Le recteur de l&rsquo;Universit\u00e9 Catholique de Lublin (KUL), le p\u00e8re Prof. Miros\u0142aw Kalinowski, a cr\u00e9\u00e9 le Fonds de Subvention pour les Missionnaires Universitaires. Il s&rsquo;adresse aux \u00e9tudiants et aux doctorants ainsi qu&rsquo;aux organisations d&rsquo;\u00e9tudiants et de doctorants de l&rsquo;Universit\u00e9 Catholique de Lublin (KUL) qui proposeront des activit\u00e9s scientifiques, m\u00e9diatiques et de pairs pour promouvoir l&rsquo;universit\u00e9 selon la devise \u00ab\u00a0Deo et Patriae\u00a0\u00bb.<\/span><\/strong><\/p>\n<p class=\"Standard\"><span lang=\"EN-US\" style=\"font-family: 'Times New Roman',serif;\">Puisque l&rsquo;ann\u00e9e 2021 a \u00e9t\u00e9 annonc\u00e9e par le Sejm et le S\u00e9nat comme l&rsquo;ann\u00e9e du Cardinal Stefan Wyszy\u0144ski, le jury d\u00e9cernera des prix aux projets qui se r\u00e9f\u00e8rent \u00e0 la science, \u00e0 la pens\u00e9e et aux r\u00e9alisations de Stefan Wyszy\u0144ski. Ils peuvent \u00eatre de nature diff\u00e9rente. Des productions vid\u00e9o, des programmes radio aux pl\u00e9biscites, des concerts, des ateliers, des d\u00e9bats pour les \u00e9tudiants de l&rsquo;Universit\u00e9 Catholique de Lublin et d&rsquo;autres universit\u00e9s. <\/span><\/p>\n<p class=\"Standard\"><span lang=\"EN-US\" style=\"font-family: 'Times New Roman',serif;\">Nous voulons lib\u00e9rer la pens\u00e9e cr\u00e9ative et la cr\u00e9ativit\u00e9 des \u00e9tudiants. Dieu, la patrie, la foi peuvent \u00eatre montr\u00e9s de diff\u00e9rentes mani\u00e8res innovantes\u00a0\u00bb, a d\u00e9clar\u00e9 Monika Stojowska, porte-parole de l&rsquo;Universit\u00e9 Catholique de Lublin, \u00e0 l&rsquo;hebdomadaire \u00ab\u00a0Niedziela\u00a0\u00bb.<\/span><\/p>\n","protected":false},"excerpt":{"rendered":"<p>Le recteur de l&rsquo;Universit\u00e9 Catholique de Lublin (KUL), le p\u00e8re Prof. Miros\u0142aw Kalinowski, a cr\u00e9\u00e9 le Fonds de Subvention pour les Missionnaires Universitaires. Il s&rsquo;adresse aux \u00e9tudiants et aux doctorants ainsi qu&rsquo;aux organisations d&rsquo;\u00e9tudiants et de doctorants de l&rsquo;Universit\u00e9 Catholique de Lublin (KUL) qui proposeront des activit\u00e9s scientifiques, m\u00e9diatiques et de pairs pour promouvoir l&rsquo;universit\u00e9 [&hellip;]<\/p>\n","protected":false},"author":11,"featured_media":0,"comment_status":"closed","ping_status":"closed","sticky":false,"template":"","format":"standard","meta":[],"categories":[35],"tags":[],"_links":{"self":[{"href":"https:\/\/www.polishscience.pl\/fr\/wp-json\/wp\/v2\/posts\/163825"}],"collection":[{"href":"https:\/\/www.polishscience.pl\/fr\/wp-json\/wp\/v2\/posts"}],"about":[{"href":"https:\/\/www.polishscience.pl\/fr\/wp-json\/wp\/v2\/types\/post"}],"author":[{"embeddable":true,"href":"https:\/\/www.polishscience.pl\/fr\/wp-json\/wp\/v2\/users\/11"}],"replies":[{"embeddable":true,"href":"https:\/\/www.polishscience.pl\/fr\/wp-json\/wp\/v2\/comments?post=163825"}],"version-history":[{"count":0,"href":"https:\/\/www.polishscience.pl\/fr\/wp-json\/wp\/v2\/posts\/163825\/revisions"}],"wp:attachment":[{"href":"https:\/\/www.polishscience.pl\/fr\/wp-json\/wp\/v2\/media?parent=163825"}],"wp:term":[{"taxonomy":"category","embeddable":true,"href":"https:\/\/www.polishscience.pl\/fr\/wp-json\/wp\/v2\/categories?post=163825"},{"taxonomy":"post_tag","embeddable":true,"href":"https:\/\/www.polishscience.pl\/fr\/wp-json\/wp\/v2\/tags?post=163825"}],"curies":[{"name":"wp","href":"https:\/\/api.w.org\/{rel}","templated":true}]}}