{"id":163821,"date":"2021-01-29T13:05:21","date_gmt":"2021-01-29T12:05:21","guid":{"rendered":"https:\/\/polishscience.pl\/?p=163821"},"modified":"2021-02-01T13:05:42","modified_gmt":"2021-02-01T12:05:42","slug":"le-ministre-czarnek-sur-le-developpement-de-la-science-polonaise-et-la-decommunisation","status":"publish","type":"post","link":"https:\/\/www.polishscience.pl\/fr\/le-ministre-czarnek-sur-le-developpement-de-la-science-polonaise-et-la-decommunisation\/","title":{"rendered":"Le ministre Czarnek sur le d\u00e9veloppement de la science polonaise et la d\u00e9communisation"},"content":{"rendered":"<p class=\"Standard\"><strong><span lang=\"EN-US\" style=\"font-family: 'Times New Roman',serif;\">Il me semble que les dipl\u00f4mes des universit\u00e9s polonaises comptent dans le monde, m\u00eame s&rsquo;ils doivent bien s\u00fbr compter encore plus. Par cons\u00e9quent, nous serons enclins \u00e0 d\u00e9velopper la science polonaise, qui dans certains cas est compl\u00e8tement inutilis\u00e9e\u00a0\u00bb, a d\u00e9clar\u00e9 le Ministre de l&rsquo;\u00c9ducation et des Sciences Przemys\u0142aw Czarnek sur les ondes de la t\u00e9l\u00e9vision Republika.<\/span><\/strong><\/p>\n<p class=\"Standard\"><span lang=\"EN-US\" style=\"font-family: 'Times New Roman',serif;\">Le chef du Minist\u00e8re de l&rsquo;\u00c9ducation et des Sciences a inform\u00e9 que plusieurs proc\u00e9dures disciplinaires sont en cours contre des recteurs qui ont dissimul\u00e9 leur coop\u00e9ration avec le Service de S\u00e9curit\u00e9 de la R\u00e9publique populaire de Pologne. <\/span><\/p>\n<p class=\"Standard\"><span lang=\"EN-US\" style=\"font-family: 'Times New Roman',serif;\">Dans ce contexte, se r\u00e9f\u00e9rant \u00e0 la d\u00e9communisation, il a dit que la d\u00e9communisation signifie retirer des universit\u00e9s les agents du Service de s\u00e9curit\u00e9 et peut-\u00eatre m\u00eame des collaborateurs plus proches du Service de S\u00e9curit\u00e9, mais pas les personnes qui ont \u00e9t\u00e9 \u00e9duqu\u00e9es \u00e0 l&rsquo;\u00e9poque de la R\u00e9publique populaire de Pologne. La d\u00e9communisation sous sa forme pure est malheureusement une chose du pass\u00e9 et inachev\u00e9e. Nous ne l&rsquo;avons pas fait non seulement dans les universit\u00e9s, mais pratiquement pas du tout. Et cela fait d\u00e9j\u00e0 30 ans, donc il y a de moins en moins de ces anciens agents\u00a0\u00bb, a-t-il ajout\u00e9.<\/span><\/p>\n","protected":false},"excerpt":{"rendered":"<p>Il me semble que les dipl\u00f4mes des universit\u00e9s polonaises comptent dans le monde, m\u00eame s&rsquo;ils doivent bien s\u00fbr compter encore plus. Par cons\u00e9quent, nous serons enclins \u00e0 d\u00e9velopper la science polonaise, qui dans certains cas est compl\u00e8tement inutilis\u00e9e\u00a0\u00bb, a d\u00e9clar\u00e9 le Ministre de l&rsquo;\u00c9ducation et des Sciences Przemys\u0142aw Czarnek sur les ondes de la t\u00e9l\u00e9vision [&hellip;]<\/p>\n","protected":false},"author":11,"featured_media":0,"comment_status":"closed","ping_status":"closed","sticky":false,"template":"","format":"standard","meta":[],"categories":[35],"tags":[],"_links":{"self":[{"href":"https:\/\/www.polishscience.pl\/fr\/wp-json\/wp\/v2\/posts\/163821"}],"collection":[{"href":"https:\/\/www.polishscience.pl\/fr\/wp-json\/wp\/v2\/posts"}],"about":[{"href":"https:\/\/www.polishscience.pl\/fr\/wp-json\/wp\/v2\/types\/post"}],"author":[{"embeddable":true,"href":"https:\/\/www.polishscience.pl\/fr\/wp-json\/wp\/v2\/users\/11"}],"replies":[{"embeddable":true,"href":"https:\/\/www.polishscience.pl\/fr\/wp-json\/wp\/v2\/comments?post=163821"}],"version-history":[{"count":0,"href":"https:\/\/www.polishscience.pl\/fr\/wp-json\/wp\/v2\/posts\/163821\/revisions"}],"wp:attachment":[{"href":"https:\/\/www.polishscience.pl\/fr\/wp-json\/wp\/v2\/media?parent=163821"}],"wp:term":[{"taxonomy":"category","embeddable":true,"href":"https:\/\/www.polishscience.pl\/fr\/wp-json\/wp\/v2\/categories?post=163821"},{"taxonomy":"post_tag","embeddable":true,"href":"https:\/\/www.polishscience.pl\/fr\/wp-json\/wp\/v2\/tags?post=163821"}],"curies":[{"name":"wp","href":"https:\/\/api.w.org\/{rel}","templated":true}]}}