{"id":163356,"date":"2021-01-27T15:02:42","date_gmt":"2021-01-27T14:02:42","guid":{"rendered":"https:\/\/polishscience.pl\/?p=163356"},"modified":"2021-01-31T20:04:33","modified_gmt":"2021-01-31T19:04:33","slug":"un-nouveau-partenaire-pour-lecole-professionnelle-detat-de-konin","status":"publish","type":"post","link":"https:\/\/www.polishscience.pl\/fr\/un-nouveau-partenaire-pour-lecole-professionnelle-detat-de-konin\/","title":{"rendered":"Un nouveau partenaire pour l&rsquo;\u00c9cole Professionnelle d&rsquo;\u00c9tat de Konin"},"content":{"rendered":"<p><strong>L&rsquo;\u00c9cole Professionnelle d&rsquo;\u00c9tat de Konin a conclu un accord de coop\u00e9ration avec l&rsquo;Institut des fibres naturelles et des plantes m\u00e9dicinales dont le si\u00e8ge est \u00e0 Pozna\u0144. La coop\u00e9ration concerne les entreprises communes et les projets \u00e0 caract\u00e8re de recherche scientifique, y compris ceux cofinanc\u00e9s par des fonds minist\u00e9riels et par l&rsquo;Union Europ\u00e9enne &#8211; informe l&rsquo;universit\u00e9.<\/strong><\/p>\n<p>La coop\u00e9ration entre les deux institutions portera \u00e9galement sur l&rsquo;am\u00e9lioration du programme des facult\u00e9s des sciences de la sant\u00e9, en prenant en consid\u00e9ration l&rsquo;avis des sp\u00e9cialistes de l&rsquo;Institut et en organisant des cours s\u00e9lectionn\u00e9s par eux \u00e0 l&rsquo;universit\u00e9 de Konin.<\/p>\n<p>Gr\u00e2ce \u00e0 cet accord, les \u00e9tudiants effectueront une pratique professionnelle au sein de l&rsquo;Institut et participeront aux cours, qui se d\u00e9rouleront au si\u00e8ge de l&rsquo;Institut \u00e0 Pozna\u0144. En retour, l&rsquo;universit\u00e9 a garanti la participation de ses partenaires \u00e0 la pr\u00e9paration de mat\u00e9riel pour les publications scientifiques et le soutien aux projets r\u00e9alis\u00e9s par l&rsquo;institut et \u00e0 leur publicit\u00e9.<\/p>\n<p>En savoir plus : <a href=\"https:\/\/www.pwsz.konin.edu.pl\/wszystkie-aktualnosci\/8109-nowy-partner-nowe-mozliwosci\">https:\/\/www.pwsz.konin.edu.pl\/wszystkie-aktualnosci\/8109-nowy-partner-nowe-mozliwosci<\/a><\/p>\n","protected":false},"excerpt":{"rendered":"<p>L&rsquo;\u00c9cole Professionnelle d&rsquo;\u00c9tat de Konin a conclu un accord de coop\u00e9ration avec l&rsquo;Institut des fibres naturelles et des plantes m\u00e9dicinales dont le si\u00e8ge est \u00e0 Pozna\u0144. La coop\u00e9ration concerne les entreprises communes et les projets \u00e0 caract\u00e8re de recherche scientifique, y compris ceux cofinanc\u00e9s par des fonds minist\u00e9riels et par l&rsquo;Union Europ\u00e9enne &#8211; informe l&rsquo;universit\u00e9. [&hellip;]<\/p>\n","protected":false},"author":11,"featured_media":0,"comment_status":"closed","ping_status":"closed","sticky":false,"template":"","format":"standard","meta":[],"categories":[35],"tags":[],"_links":{"self":[{"href":"https:\/\/www.polishscience.pl\/fr\/wp-json\/wp\/v2\/posts\/163356"}],"collection":[{"href":"https:\/\/www.polishscience.pl\/fr\/wp-json\/wp\/v2\/posts"}],"about":[{"href":"https:\/\/www.polishscience.pl\/fr\/wp-json\/wp\/v2\/types\/post"}],"author":[{"embeddable":true,"href":"https:\/\/www.polishscience.pl\/fr\/wp-json\/wp\/v2\/users\/11"}],"replies":[{"embeddable":true,"href":"https:\/\/www.polishscience.pl\/fr\/wp-json\/wp\/v2\/comments?post=163356"}],"version-history":[{"count":0,"href":"https:\/\/www.polishscience.pl\/fr\/wp-json\/wp\/v2\/posts\/163356\/revisions"}],"wp:attachment":[{"href":"https:\/\/www.polishscience.pl\/fr\/wp-json\/wp\/v2\/media?parent=163356"}],"wp:term":[{"taxonomy":"category","embeddable":true,"href":"https:\/\/www.polishscience.pl\/fr\/wp-json\/wp\/v2\/categories?post=163356"},{"taxonomy":"post_tag","embeddable":true,"href":"https:\/\/www.polishscience.pl\/fr\/wp-json\/wp\/v2\/tags?post=163356"}],"curies":[{"name":"wp","href":"https:\/\/api.w.org\/{rel}","templated":true}]}}