{"id":163342,"date":"2021-01-27T15:02:32","date_gmt":"2021-01-27T14:02:32","guid":{"rendered":"https:\/\/polishscience.pl\/?p=163342"},"modified":"2021-01-31T20:03:22","modified_gmt":"2021-01-31T19:03:22","slug":"les-visieres-de-protection-de-la-polytechnique-de-lublin-iront-aux-enseignants-du-primaire","status":"publish","type":"post","link":"https:\/\/www.polishscience.pl\/fr\/les-visieres-de-protection-de-la-polytechnique-de-lublin-iront-aux-enseignants-du-primaire\/","title":{"rendered":"Les visi\u00e8res de protection de la Polytechnique de Lublin iront aux enseignants du primaire"},"content":{"rendered":"<p class=\"Standard\"><strong><span lang=\"EN-US\" style=\"font-family: 'Times New Roman',serif;\">La Polytechnique de Lublin est en train de produire des visi\u00e8res de protection. Jusqu&rsquo;\u00e0 pr\u00e9sent, plus de 2,6 mille d&rsquo;entre elles ont \u00e9t\u00e9 r\u00e9alis\u00e9es, principalement pour les employ\u00e9s des universit\u00e9s. Le mardi 26 janvier, 1,5 mille de ces visi\u00e8res ont \u00e9t\u00e9 remises gratuitement \u00e0 la Commission scolaire de Lublin pour prot\u00e9ger les enseignants du primaire.<\/span><\/strong><\/p>\n<p class=\"Standard\"><span lang=\"EN-US\" style=\"font-family: 'Times New Roman',serif;\">J&rsquo;esp\u00e8re que nos visi\u00e8res renforceront la s\u00e9curit\u00e9 des \u00e9tudiants et du personnel enseignant. Cette action est un autre exemple du fait que notre universit\u00e9 et les \u00e9quipements modernes dont elle dispose servent la communaut\u00e9 locale &#8211; a d\u00e9clar\u00e9 le professeur Zbigniew Pater, recteur de la Polytechnique de Lublin.<\/span><\/p>\n<p class=\"Standard\"><span lang=\"EN-US\" style=\"font-family: 'Times New Roman',serif;\">La r\u00e9union, au cours de laquelle le recteur a remis les visi\u00e8res entre les mains du directeur de l&rsquo;\u00e9cole de Lublin, s&rsquo;est d\u00e9roul\u00e9e en pr\u00e9sence du Ministre de l&rsquo;\u00c9ducation et des Sciences, M. Przemys\u0142aw Czarnek, qui a d\u00e9clar\u00e9 que \u00ab\u00a0le cadeau de la Polytechnique est un bel exemple de solidarit\u00e9 en ces temps difficiles de pand\u00e9mie, de souci de s\u00e9curit\u00e9 commune et de bonne coop\u00e9ration entre les milieux universitaires et \u00e9ducatifs\u00a0\u00bb. L&rsquo;action de la Polytechnique de Lublin est un exemple de bonne pratique de soutien aux \u00e9coles non seulement dans le domaine de l&rsquo;\u00e9ducation des enfants et des jeunes mais aussi dans les conditions de fonctionnement des institutions et de ses employ\u00e9s &#8211; a ajout\u00e9 le ministre Czarnek.<\/span><\/p>\n","protected":false},"excerpt":{"rendered":"<p>La Polytechnique de Lublin est en train de produire des visi\u00e8res de protection. Jusqu&rsquo;\u00e0 pr\u00e9sent, plus de 2,6 mille d&rsquo;entre elles ont \u00e9t\u00e9 r\u00e9alis\u00e9es, principalement pour les employ\u00e9s des universit\u00e9s. Le mardi 26 janvier, 1,5 mille de ces visi\u00e8res ont \u00e9t\u00e9 remises gratuitement \u00e0 la Commission scolaire de Lublin pour prot\u00e9ger les enseignants du primaire. [&hellip;]<\/p>\n","protected":false},"author":11,"featured_media":0,"comment_status":"closed","ping_status":"closed","sticky":false,"template":"","format":"standard","meta":[],"categories":[41],"tags":[],"_links":{"self":[{"href":"https:\/\/www.polishscience.pl\/fr\/wp-json\/wp\/v2\/posts\/163342"}],"collection":[{"href":"https:\/\/www.polishscience.pl\/fr\/wp-json\/wp\/v2\/posts"}],"about":[{"href":"https:\/\/www.polishscience.pl\/fr\/wp-json\/wp\/v2\/types\/post"}],"author":[{"embeddable":true,"href":"https:\/\/www.polishscience.pl\/fr\/wp-json\/wp\/v2\/users\/11"}],"replies":[{"embeddable":true,"href":"https:\/\/www.polishscience.pl\/fr\/wp-json\/wp\/v2\/comments?post=163342"}],"version-history":[{"count":0,"href":"https:\/\/www.polishscience.pl\/fr\/wp-json\/wp\/v2\/posts\/163342\/revisions"}],"wp:attachment":[{"href":"https:\/\/www.polishscience.pl\/fr\/wp-json\/wp\/v2\/media?parent=163342"}],"wp:term":[{"taxonomy":"category","embeddable":true,"href":"https:\/\/www.polishscience.pl\/fr\/wp-json\/wp\/v2\/categories?post=163342"},{"taxonomy":"post_tag","embeddable":true,"href":"https:\/\/www.polishscience.pl\/fr\/wp-json\/wp\/v2\/tags?post=163342"}],"curies":[{"name":"wp","href":"https:\/\/api.w.org\/{rel}","templated":true}]}}