{"id":163333,"date":"2021-01-26T14:29:46","date_gmt":"2021-01-26T13:29:46","guid":{"rendered":"https:\/\/polishscience.pl\/?p=163333"},"modified":"2021-01-30T14:30:35","modified_gmt":"2021-01-30T13:30:35","slug":"luniversite-de-zielona-gora-etudiera-limpact-des-epidemies-et-de-la-quarantaine-sur-les-attitudes-des-jeunes","status":"publish","type":"post","link":"https:\/\/www.polishscience.pl\/fr\/luniversite-de-zielona-gora-etudiera-limpact-des-epidemies-et-de-la-quarantaine-sur-les-attitudes-des-jeunes\/","title":{"rendered":"L&rsquo;Universit\u00e9 de Zielona G\u00f3ra \u00e9tudiera l&rsquo;impact des \u00e9pid\u00e9mies et de la quarantaine sur les attitudes des jeunes"},"content":{"rendered":"<p class=\"Standard\"><strong><span lang=\"EN-US\" style=\"font-family: 'Times New Roman',serif;\">L&rsquo;Universit\u00e9 de Zielona G\u00f3ra m\u00e8ne une t\u00e2che de recherche intitul\u00e9e \u00ab\u00a0Le diagnostic interdisciplinaire et comparatif des probl\u00e8mes secondaires qui apparaissent dans les attitudes et le comportement de la jeunesse contemporaine \u00e0 la suite de la pand\u00e9mie de coronavirus du Covid-19, dans la perspective individuelle et communautaire\u00a0\u00bb. Le projet est financ\u00e9 par le Minist\u00e8re de l&rsquo;\u00c9ducation et des Sciences.<\/span><\/strong><\/p>\n<p class=\"Standard\"><span lang=\"EN-US\" style=\"font-family: 'Times New Roman',serif;\">L&rsquo;objectif de cette t\u00e2che est d&rsquo;illustrer l&rsquo;impact de l&rsquo;\u00e9tat de l&rsquo;\u00e9pid\u00e9mie et de la quarantaine sociale qui y est associ\u00e9e sur les attitudes et la vie quotidienne des jeunes. Dans le cadre de cette t\u00e2che, une \u00e9quipe de repr\u00e9sentants des sciences humaines et sociales sera form\u00e9e pour mener une recherche sociale approfondie, pour mener une campagne de vulgarisation du projet et pour pr\u00e9parer des outils de recherche. <\/span><\/p>\n<p class=\"Standard\"><span lang=\"EN-US\" style=\"font-family: 'Times New Roman',serif;\">Au cours du projet, des conf\u00e9rences scientifiques li\u00e9es au sujet du th\u00e8me seront organis\u00e9es, et des livres contenant des travaux sur le probl\u00e8me d\u00e9crit sur la base de la recherche men\u00e9e seront publi\u00e9s \u2013 \u00c0 lire sur le site web de l&rsquo;universit\u00e9.<\/span><\/p>\n","protected":false},"excerpt":{"rendered":"<p>L&rsquo;Universit\u00e9 de Zielona G\u00f3ra m\u00e8ne une t\u00e2che de recherche intitul\u00e9e \u00ab\u00a0Le diagnostic interdisciplinaire et comparatif des probl\u00e8mes secondaires qui apparaissent dans les attitudes et le comportement de la jeunesse contemporaine \u00e0 la suite de la pand\u00e9mie de coronavirus du Covid-19, dans la perspective individuelle et communautaire\u00a0\u00bb. Le projet est financ\u00e9 par le Minist\u00e8re de l&rsquo;\u00c9ducation [&hellip;]<\/p>\n","protected":false},"author":11,"featured_media":0,"comment_status":"closed","ping_status":"closed","sticky":false,"template":"","format":"standard","meta":[],"categories":[41,39],"tags":[],"_links":{"self":[{"href":"https:\/\/www.polishscience.pl\/fr\/wp-json\/wp\/v2\/posts\/163333"}],"collection":[{"href":"https:\/\/www.polishscience.pl\/fr\/wp-json\/wp\/v2\/posts"}],"about":[{"href":"https:\/\/www.polishscience.pl\/fr\/wp-json\/wp\/v2\/types\/post"}],"author":[{"embeddable":true,"href":"https:\/\/www.polishscience.pl\/fr\/wp-json\/wp\/v2\/users\/11"}],"replies":[{"embeddable":true,"href":"https:\/\/www.polishscience.pl\/fr\/wp-json\/wp\/v2\/comments?post=163333"}],"version-history":[{"count":0,"href":"https:\/\/www.polishscience.pl\/fr\/wp-json\/wp\/v2\/posts\/163333\/revisions"}],"wp:attachment":[{"href":"https:\/\/www.polishscience.pl\/fr\/wp-json\/wp\/v2\/media?parent=163333"}],"wp:term":[{"taxonomy":"category","embeddable":true,"href":"https:\/\/www.polishscience.pl\/fr\/wp-json\/wp\/v2\/categories?post=163333"},{"taxonomy":"post_tag","embeddable":true,"href":"https:\/\/www.polishscience.pl\/fr\/wp-json\/wp\/v2\/tags?post=163333"}],"curies":[{"name":"wp","href":"https:\/\/api.w.org\/{rel}","templated":true}]}}