{"id":162599,"date":"2021-01-25T12:55:12","date_gmt":"2021-01-25T11:55:12","guid":{"rendered":"https:\/\/polishscience.pl\/?p=162599"},"modified":"2021-01-29T11:49:49","modified_gmt":"2021-01-29T10:49:49","slug":"le-vice-ministre-rzymkowski-nous-devons-des-que-possible-accroitre-le-prestige-de-la-science-polonaise","status":"publish","type":"post","link":"https:\/\/www.polishscience.pl\/fr\/le-vice-ministre-rzymkowski-nous-devons-des-que-possible-accroitre-le-prestige-de-la-science-polonaise\/","title":{"rendered":"Le vice-ministre Rzymkowski : Nous devons, d\u00e8s que possible, accro\u00eetre le prestige de la science polonaise"},"content":{"rendered":"<p class=\"Standard\"><strong><span lang=\"EN-US\" style=\"font-family: 'Times New Roman',serif;\">Je voudrais que des professions telles que celles d&rsquo;enseignant ou de scientifique soient prestigieuses, qu&rsquo;elles soient trait\u00e9es avec le respect qu&rsquo;elles m\u00e9ritent. Cela ne n\u00e9cessite pas de prouesses surhumaines, de pouvoirs sp\u00e9ciaux, cela peut vraiment \u00eatre fait &#8211; a d\u00e9clar\u00e9 Tomasz Rzymkowski, le vice-ministre de l&rsquo;\u00e9ducation et des sciences, dans une interview avec \u00ab\u00a0Nasz Dziennik\u00a0\u00bb.<\/span><\/strong><\/p>\n<p class=\"Standard\"><span lang=\"EN-US\" style=\"font-family: 'Times New Roman',serif;\">Il a \u00e9galement annonc\u00e9 qu&rsquo;il voulait cr\u00e9er une situation dans laquelle le prestige de la science polonaise augmenterait le plus rapidement possible. Il ne s&rsquo;agit pas seulement de consid\u00e9rations formelles, mais surtout de personnes, de personnes qui travaillent tr\u00e8s dur pour le d\u00e9veloppement de la science polonaise\u00a0\u00bb, a ajout\u00e9 le Dr Rzymkowski.<\/span><\/p>\n<p class=\"Standard\"><span lang=\"EN-US\" style=\"font-family: 'Times New Roman',serif;\">Selon lui, \u00ab\u00a0l&rsquo;\u00e9cole doit \u00eatre id\u00e9ologiquement neutre, libre de toute id\u00e9ologie. La v\u00e9rit\u00e9 doit y \u00eatre au centre de la vie. Ce n&rsquo;est qu&rsquo;alors que la science peut se d\u00e9velopper lorsqu&rsquo;elle est bas\u00e9e sur des faits et essaie de lire la r\u00e9alit\u00e9 telle qu&rsquo;elle est\u00a0\u00bb, a d\u00e9clar\u00e9 le chef adjoint du Minist\u00e8re de l&rsquo;\u00c9ducation et des Sciences.<\/span><\/p>\n","protected":false},"excerpt":{"rendered":"<p>Je voudrais que des professions telles que celles d&rsquo;enseignant ou de scientifique soient prestigieuses, qu&rsquo;elles soient trait\u00e9es avec le respect qu&rsquo;elles m\u00e9ritent. Cela ne n\u00e9cessite pas de prouesses surhumaines, de pouvoirs sp\u00e9ciaux, cela peut vraiment \u00eatre fait &#8211; a d\u00e9clar\u00e9 Tomasz Rzymkowski, le vice-ministre de l&rsquo;\u00e9ducation et des sciences, dans une interview avec \u00ab\u00a0Nasz Dziennik\u00a0\u00bb. [&hellip;]<\/p>\n","protected":false},"author":11,"featured_media":0,"comment_status":"closed","ping_status":"closed","sticky":false,"template":"","format":"standard","meta":[],"categories":[41],"tags":[],"_links":{"self":[{"href":"https:\/\/www.polishscience.pl\/fr\/wp-json\/wp\/v2\/posts\/162599"}],"collection":[{"href":"https:\/\/www.polishscience.pl\/fr\/wp-json\/wp\/v2\/posts"}],"about":[{"href":"https:\/\/www.polishscience.pl\/fr\/wp-json\/wp\/v2\/types\/post"}],"author":[{"embeddable":true,"href":"https:\/\/www.polishscience.pl\/fr\/wp-json\/wp\/v2\/users\/11"}],"replies":[{"embeddable":true,"href":"https:\/\/www.polishscience.pl\/fr\/wp-json\/wp\/v2\/comments?post=162599"}],"version-history":[{"count":0,"href":"https:\/\/www.polishscience.pl\/fr\/wp-json\/wp\/v2\/posts\/162599\/revisions"}],"wp:attachment":[{"href":"https:\/\/www.polishscience.pl\/fr\/wp-json\/wp\/v2\/media?parent=162599"}],"wp:term":[{"taxonomy":"category","embeddable":true,"href":"https:\/\/www.polishscience.pl\/fr\/wp-json\/wp\/v2\/categories?post=162599"},{"taxonomy":"post_tag","embeddable":true,"href":"https:\/\/www.polishscience.pl\/fr\/wp-json\/wp\/v2\/tags?post=162599"}],"curies":[{"name":"wp","href":"https:\/\/api.w.org\/{rel}","templated":true}]}}