{"id":162597,"date":"2021-01-25T12:47:06","date_gmt":"2021-01-25T11:47:06","guid":{"rendered":"https:\/\/polishscience.pl\/?p=162597"},"modified":"2021-01-29T11:49:35","modified_gmt":"2021-01-29T10:49:35","slug":"le-ministre-czarnek-nous-devons-liberer-le-potentiel-des-sciences-humaines-sociales-et-theologiques","status":"publish","type":"post","link":"https:\/\/www.polishscience.pl\/fr\/le-ministre-czarnek-nous-devons-liberer-le-potentiel-des-sciences-humaines-sociales-et-theologiques\/","title":{"rendered":"Le Ministre Czarnek : Nous devons lib\u00e9rer le potentiel des sciences humaines, sociales et th\u00e9ologiques"},"content":{"rendered":"<p class=\"Standard\"><strong><span lang=\"EN-US\" style=\"font-family: 'Times New Roman',serif;\">Jusqu&rsquo;\u00e0 pr\u00e9sent, dans la r\u00e9forme de l&rsquo;enseignement sup\u00e9rieur et de la science, nous avons accord\u00e9 trop peu d&rsquo;attention aux diff\u00e9rences entre les sciences humaines et les sciences exactes. Ils devraient \u00eatre trait\u00e9s diff\u00e9remment en termes d&rsquo;\u00e9valuation et de normes d&rsquo;internationalisation des publications\u00a0\u00bb, a d\u00e9clar\u00e9 le Ministre de l&rsquo;\u00c9ducation et des Sciences, Przemys\u0142aw Czarnek, dans un entretien avec \u00ab\u00a0Forum Akademickie\u00a0\u00bb.<\/span><\/strong><\/p>\n<p class=\"Standard\"><span lang=\"EN-US\" style=\"font-family: 'Times New Roman',serif;\">Selon le chef du minist\u00e8re des sciences, nous avons un grand potentiel scientifique dans les sciences humaines, sociales et th\u00e9ologiques, mais il n&rsquo;est pas utilis\u00e9 correctement. <\/span><\/p>\n<p class=\"Standard\"><span lang=\"EN-US\" style=\"font-family: 'Times New Roman',serif;\">Ce potentiel doit \u00eatre lib\u00e9r\u00e9. \u00c0 l&rsquo;Universit\u00e9 Catholique de Lublin, d&rsquo;o\u00f9 je viens, nous avons la meilleure th\u00e9ologie d&rsquo;Europe, une excellente philosophie, de grandes sciences juridiques, une bonne histoire, mais l&rsquo;argent que nous consacrons \u00e0 ces questions n&rsquo;est pas bien cibl\u00e9 et parfois trop peu\u00a0\u00bb, a d\u00e9clar\u00e9 le ministre Czarnek.<\/span><\/p>\n","protected":false},"excerpt":{"rendered":"<p>Jusqu&rsquo;\u00e0 pr\u00e9sent, dans la r\u00e9forme de l&rsquo;enseignement sup\u00e9rieur et de la science, nous avons accord\u00e9 trop peu d&rsquo;attention aux diff\u00e9rences entre les sciences humaines et les sciences exactes. Ils devraient \u00eatre trait\u00e9s diff\u00e9remment en termes d&rsquo;\u00e9valuation et de normes d&rsquo;internationalisation des publications\u00a0\u00bb, a d\u00e9clar\u00e9 le Ministre de l&rsquo;\u00c9ducation et des Sciences, Przemys\u0142aw Czarnek, dans un [&hellip;]<\/p>\n","protected":false},"author":11,"featured_media":0,"comment_status":"closed","ping_status":"closed","sticky":false,"template":"","format":"standard","meta":[],"categories":[37],"tags":[],"_links":{"self":[{"href":"https:\/\/www.polishscience.pl\/fr\/wp-json\/wp\/v2\/posts\/162597"}],"collection":[{"href":"https:\/\/www.polishscience.pl\/fr\/wp-json\/wp\/v2\/posts"}],"about":[{"href":"https:\/\/www.polishscience.pl\/fr\/wp-json\/wp\/v2\/types\/post"}],"author":[{"embeddable":true,"href":"https:\/\/www.polishscience.pl\/fr\/wp-json\/wp\/v2\/users\/11"}],"replies":[{"embeddable":true,"href":"https:\/\/www.polishscience.pl\/fr\/wp-json\/wp\/v2\/comments?post=162597"}],"version-history":[{"count":0,"href":"https:\/\/www.polishscience.pl\/fr\/wp-json\/wp\/v2\/posts\/162597\/revisions"}],"wp:attachment":[{"href":"https:\/\/www.polishscience.pl\/fr\/wp-json\/wp\/v2\/media?parent=162597"}],"wp:term":[{"taxonomy":"category","embeddable":true,"href":"https:\/\/www.polishscience.pl\/fr\/wp-json\/wp\/v2\/categories?post=162597"},{"taxonomy":"post_tag","embeddable":true,"href":"https:\/\/www.polishscience.pl\/fr\/wp-json\/wp\/v2\/tags?post=162597"}],"curies":[{"name":"wp","href":"https:\/\/api.w.org\/{rel}","templated":true}]}}