{"id":162358,"date":"2021-01-21T13:42:32","date_gmt":"2021-01-21T12:42:32","guid":{"rendered":"https:\/\/polishscience.pl\/?p=162358"},"modified":"2021-01-28T16:44:45","modified_gmt":"2021-01-28T15:44:45","slug":"la-serie-de-debats-pro-tempora-le-dialogue-des-sciences","status":"publish","type":"post","link":"https:\/\/www.polishscience.pl\/fr\/la-serie-de-debats-pro-tempora-le-dialogue-des-sciences\/","title":{"rendered":"La s\u00e9rie de d\u00e9bats \u00ab\u00a0Pro Tempora. Le dialogue des sciences\u00a0\u00bb"},"content":{"rendered":"<p class=\"Standard\"><span lang=\"EN-US\" style=\"font-family: 'Times New Roman',serif;\"><strong>\u00c0 l&rsquo;initiative du Comit\u00e9 des Sciences Th\u00e9ologiques de l&rsquo;Acad\u00e9mie Polonaise des Sciences, un nouveau cycle de d\u00e9bats interdisciplinaires \u00ab\u00a0Pro Tempora. Le dialogue des sciences\u00a0\u00bb.<\/strong> <\/span><\/p>\n<p class=\"Standard\"><span lang=\"EN-US\" style=\"font-family: 'Times New Roman',serif;\">Le recteur de l&rsquo;Acad\u00e9mie Catholique de Varsovie, le r\u00e9v\u00e9rend Krzysztof Pawlina, annonce qu&rsquo;il s&rsquo;agira de \u00ab\u00a0discussions sur des sujets importants \u00e0 la fois aujourd&rsquo;hui et \u00e0 l&rsquo;avenir\u00a0\u00bb. Le premier d\u00e9bat portera sur la libert\u00e9 et sera d\u00e9battu par des philosophes et des th\u00e9ologiens.<\/span><\/p>\n<p class=\"Standard\"><span lang=\"EN-US\" style=\"font-family: 'Times New Roman',serif;\">Le professeur Pawlina, qui pr\u00e9side \u00e0 partir de mai 2020 le Comit\u00e9 des Sciences Th\u00e9ologiques de l&rsquo;Acad\u00e9mie Polonaise des Sciences, souligne que l&rsquo;essence de ce projet est d&rsquo;inviter des repr\u00e9sentants de diverses disciplines scientifiques \u00e0 dialoguer. Les recteurs des universit\u00e9s de Varsovie ont d\u00e9j\u00e0 r\u00e9agi avec int\u00e9r\u00eat \u00e0 cette proposition. <\/span><\/p>\n<p class=\"Standard\"><span lang=\"EN-US\" style=\"font-family: 'Times New Roman',serif;\">Trois d\u00e9bats sont pr\u00e9vus avant les vacances. Le premier d\u00e9bat sur le th\u00e8me \u00ab\u00a0La libert\u00e9 et la responsabilit\u00e9 \u00e0 l&rsquo;\u00e8re du naturalisme anthropologique\u00a0\u00bb aura lieu le vendredi 22 janvier \u00e0 19h. Un d\u00e9bat sur le th\u00e8me \u00ab\u00a0Est-il possible d&rsquo;\u00eatre libre et responsable dans le monde de l&rsquo;intelligence artificielle\u00a0\u00bb est pr\u00e9vu en mars, et en mai \u00ab\u00a0La moralit\u00e9 et le droit ferme\u00a0\u00bb.<\/span><\/p>\n","protected":false},"excerpt":{"rendered":"<p>\u00c0 l&rsquo;initiative du Comit\u00e9 des Sciences Th\u00e9ologiques de l&rsquo;Acad\u00e9mie Polonaise des Sciences, un nouveau cycle de d\u00e9bats interdisciplinaires \u00ab\u00a0Pro Tempora. Le dialogue des sciences\u00a0\u00bb. Le recteur de l&rsquo;Acad\u00e9mie Catholique de Varsovie, le r\u00e9v\u00e9rend Krzysztof Pawlina, annonce qu&rsquo;il s&rsquo;agira de \u00ab\u00a0discussions sur des sujets importants \u00e0 la fois aujourd&rsquo;hui et \u00e0 l&rsquo;avenir\u00a0\u00bb. Le premier d\u00e9bat portera [&hellip;]<\/p>\n","protected":false},"author":11,"featured_media":0,"comment_status":"closed","ping_status":"closed","sticky":false,"template":"","format":"standard","meta":[],"categories":[41,37],"tags":[],"_links":{"self":[{"href":"https:\/\/www.polishscience.pl\/fr\/wp-json\/wp\/v2\/posts\/162358"}],"collection":[{"href":"https:\/\/www.polishscience.pl\/fr\/wp-json\/wp\/v2\/posts"}],"about":[{"href":"https:\/\/www.polishscience.pl\/fr\/wp-json\/wp\/v2\/types\/post"}],"author":[{"embeddable":true,"href":"https:\/\/www.polishscience.pl\/fr\/wp-json\/wp\/v2\/users\/11"}],"replies":[{"embeddable":true,"href":"https:\/\/www.polishscience.pl\/fr\/wp-json\/wp\/v2\/comments?post=162358"}],"version-history":[{"count":0,"href":"https:\/\/www.polishscience.pl\/fr\/wp-json\/wp\/v2\/posts\/162358\/revisions"}],"wp:attachment":[{"href":"https:\/\/www.polishscience.pl\/fr\/wp-json\/wp\/v2\/media?parent=162358"}],"wp:term":[{"taxonomy":"category","embeddable":true,"href":"https:\/\/www.polishscience.pl\/fr\/wp-json\/wp\/v2\/categories?post=162358"},{"taxonomy":"post_tag","embeddable":true,"href":"https:\/\/www.polishscience.pl\/fr\/wp-json\/wp\/v2\/tags?post=162358"}],"curies":[{"name":"wp","href":"https:\/\/api.w.org\/{rel}","templated":true}]}}