{"id":162330,"date":"2021-01-19T19:57:17","date_gmt":"2021-01-19T18:57:17","guid":{"rendered":"https:\/\/polishscience.pl\/?p=162330"},"modified":"2021-01-27T16:59:08","modified_gmt":"2021-01-27T15:59:08","slug":"des-chercheurs-de-luniversite-de-szczecin-sont-les-laureats-du-concours-dhistoire-du-ministre-des-affaires-etrangeres","status":"publish","type":"post","link":"https:\/\/www.polishscience.pl\/fr\/des-chercheurs-de-luniversite-de-szczecin-sont-les-laureats-du-concours-dhistoire-du-ministre-des-affaires-etrangeres\/","title":{"rendered":"Des chercheurs de l&rsquo;Universit\u00e9 de Szczecin sont les laur\u00e9ats du concours d\u2019histoire du Ministre des Affaires \u00e9trang\u00e8res"},"content":{"rendered":"<p><strong>Les chercheurs de l&rsquo;Universit\u00e9 de Szczecin ont re\u00e7u les prix du concours d\u2019histoire du Ministre des Affaires \u00c9trang\u00e8res dans la cat\u00e9gorie \u00ab\u00a0La meilleure publication en polonais sur l&rsquo;histoire de la diplomatie polonaise\u00a0\u00bb.<\/strong><\/p>\n<p>Le prix a \u00e9t\u00e9 attribu\u00e9 aux travaux du professeur Janusz Farys, docteur en philosophie, \u00ab\u00a0Entre Moscou et Berlin\u00a0\u00bb. Une vision de la politique \u00e9trang\u00e8re polonaise 1918-1939&Prime;. Il s&rsquo;agit d&rsquo;une monographie sur la politique \u00e9trang\u00e8re polonaise dans les ann\u00e9es 1918-1939. L&rsquo;auteur d\u00e9crit les concepts qui pr\u00e9valent dans ce domaine, guidant le lecteur \u00e0 travers les m\u00e9andres des efforts diplomatiques pour pr\u00e9server l&rsquo;ind\u00e9pendance du jeune \u00c9tat polonais apr\u00e8s la paix de Versailles.<\/p>\n<p>Henryk Walczak, professeur \u00e0 l&rsquo;universit\u00e9, a re\u00e7u une distinction pour ses \u00ab\u00a0Visites des chefs d&rsquo;\u00c9tat dans les relations mutuelles de la Pologne et de la Roumanie dans l&rsquo;entre-deux-guerres\u00a0\u00bb. La publication pr\u00e9sente non seulement les concepts de J\u00f3zef Pi\u0142sudski et de Roman Dmowski, mais aussi d&rsquo;autres participants \u00e0 la vie politique, n&rsquo;\u00e9vitant pas leurs propres \u00e9valuations et digressions &#8211; on peut-on\u00a0 lire sur le site de l&rsquo;Universit\u00e9.<\/p>\n","protected":false},"excerpt":{"rendered":"<p>Les chercheurs de l&rsquo;Universit\u00e9 de Szczecin ont re\u00e7u les prix du concours d\u2019histoire du Ministre des Affaires \u00c9trang\u00e8res dans la cat\u00e9gorie \u00ab\u00a0La meilleure publication en polonais sur l&rsquo;histoire de la diplomatie polonaise\u00a0\u00bb. Le prix a \u00e9t\u00e9 attribu\u00e9 aux travaux du professeur Janusz Farys, docteur en philosophie, \u00ab\u00a0Entre Moscou et Berlin\u00a0\u00bb. Une vision de la politique [&hellip;]<\/p>\n","protected":false},"author":11,"featured_media":0,"comment_status":"closed","ping_status":"closed","sticky":false,"template":"","format":"standard","meta":[],"categories":[37],"tags":[],"_links":{"self":[{"href":"https:\/\/www.polishscience.pl\/fr\/wp-json\/wp\/v2\/posts\/162330"}],"collection":[{"href":"https:\/\/www.polishscience.pl\/fr\/wp-json\/wp\/v2\/posts"}],"about":[{"href":"https:\/\/www.polishscience.pl\/fr\/wp-json\/wp\/v2\/types\/post"}],"author":[{"embeddable":true,"href":"https:\/\/www.polishscience.pl\/fr\/wp-json\/wp\/v2\/users\/11"}],"replies":[{"embeddable":true,"href":"https:\/\/www.polishscience.pl\/fr\/wp-json\/wp\/v2\/comments?post=162330"}],"version-history":[{"count":0,"href":"https:\/\/www.polishscience.pl\/fr\/wp-json\/wp\/v2\/posts\/162330\/revisions"}],"wp:attachment":[{"href":"https:\/\/www.polishscience.pl\/fr\/wp-json\/wp\/v2\/media?parent=162330"}],"wp:term":[{"taxonomy":"category","embeddable":true,"href":"https:\/\/www.polishscience.pl\/fr\/wp-json\/wp\/v2\/categories?post=162330"},{"taxonomy":"post_tag","embeddable":true,"href":"https:\/\/www.polishscience.pl\/fr\/wp-json\/wp\/v2\/tags?post=162330"}],"curies":[{"name":"wp","href":"https:\/\/api.w.org\/{rel}","templated":true}]}}