{"id":162319,"date":"2021-01-19T16:09:12","date_gmt":"2021-01-19T15:09:12","guid":{"rendered":"https:\/\/polishscience.pl\/?p=162319"},"modified":"2021-01-27T16:58:07","modified_gmt":"2021-01-27T15:58:07","slug":"lenquete-sur-le-bien-etre-pendant-la-pandemie-du-covid-19","status":"publish","type":"post","link":"https:\/\/www.polishscience.pl\/fr\/lenquete-sur-le-bien-etre-pendant-la-pandemie-du-covid-19\/","title":{"rendered":"L\u2019enqu\u00eate sur le bien-\u00eatre pendant la pand\u00e9mie du COVID-19"},"content":{"rendered":"<p class=\"Standard\"><strong><span lang=\"EN-US\" style=\"font-family: 'Times New Roman',serif;\">Des recherches internationales men\u00e9es aupr\u00e8s de plus de 13 000 habitants de 12 pays montrent que pendant la pand\u00e9mie, notre humeur s&rsquo;est d\u00e9grad\u00e9e. Les scientifiques de l&rsquo;Institut de Biologie Exp\u00e9rimentale M. Nencki de l&rsquo;Acad\u00e9mie Polonaise des Sciences (PAN) ont contribu\u00e9 \u00e0 l&rsquo;analyse.<\/span><\/strong><\/p>\n<p class=\"Standard\"><span lang=\"EN-US\" style=\"font-family: 'Times New Roman',serif;\">Une \u00e9quipe de chercheurs de 12 pays, dont l&rsquo;Institut Nencki de l&rsquo;Acad\u00e9mie Polonaise des Sciences, a d\u00e9termin\u00e9 les facteurs influen\u00e7ant la d\u00e9t\u00e9rioration de l&rsquo;\u00e9tat mental pendant la pand\u00e9mie de coronavirus.<\/span><\/p>\n<p class=\"Standard\"><span lang=\"EN-US\" style=\"font-family: 'Times New Roman',serif;\">Ils ont proc\u00e9d\u00e9 \u00e0 un d\u00e9pistage anonyme de 2734 patients dans le monde entier afin de d\u00e9tecter une aggravation de leurs troubles psychiatriques pr\u00e9existants pendant la pand\u00e9mie du COVID-19, en utilisant un essai clinique ind\u00e9pendant de 318 patients psychiatriques des \u00c9tats-Unis pour v\u00e9rification. Une enqu\u00eate en ligne avec plus de 13 300 participants faisait \u00e9galement partie de l&rsquo;\u00e9tude.<\/span><\/p>\n<p class=\"Standard\"><span lang=\"EN-US\" style=\"font-family: 'Times New Roman',serif;\">L&rsquo;essai clinique aux \u00c9tats-Unis a confirm\u00e9 la d\u00e9t\u00e9rioration de l&rsquo;\u00e9tat mental pendant la pand\u00e9mie du COVID-19 chez les personnes d\u00e9j\u00e0 aux prises avec des probl\u00e8mes mentaux. <\/span><\/p>\n<p class=\"Standard\"><span lang=\"EN-US\" style=\"font-family: 'Times New Roman',serif;\">Elle a constat\u00e9 que parmi les r\u00e9pondants polonais qui souffraient d\u00e9j\u00e0 de troubles mentaux avant la pand\u00e9mie, 54 % ont vu leur \u00e9tat se d\u00e9t\u00e9riorer en raison de la pand\u00e9mie.<\/span><\/p>\n","protected":false},"excerpt":{"rendered":"<p>Des recherches internationales men\u00e9es aupr\u00e8s de plus de 13 000 habitants de 12 pays montrent que pendant la pand\u00e9mie, notre humeur s&rsquo;est d\u00e9grad\u00e9e. Les scientifiques de l&rsquo;Institut de Biologie Exp\u00e9rimentale M. Nencki de l&rsquo;Acad\u00e9mie Polonaise des Sciences (PAN) ont contribu\u00e9 \u00e0 l&rsquo;analyse. Une \u00e9quipe de chercheurs de 12 pays, dont l&rsquo;Institut Nencki de l&rsquo;Acad\u00e9mie Polonaise [&hellip;]<\/p>\n","protected":false},"author":11,"featured_media":0,"comment_status":"closed","ping_status":"closed","sticky":false,"template":"","format":"standard","meta":[],"categories":[39],"tags":[],"_links":{"self":[{"href":"https:\/\/www.polishscience.pl\/fr\/wp-json\/wp\/v2\/posts\/162319"}],"collection":[{"href":"https:\/\/www.polishscience.pl\/fr\/wp-json\/wp\/v2\/posts"}],"about":[{"href":"https:\/\/www.polishscience.pl\/fr\/wp-json\/wp\/v2\/types\/post"}],"author":[{"embeddable":true,"href":"https:\/\/www.polishscience.pl\/fr\/wp-json\/wp\/v2\/users\/11"}],"replies":[{"embeddable":true,"href":"https:\/\/www.polishscience.pl\/fr\/wp-json\/wp\/v2\/comments?post=162319"}],"version-history":[{"count":0,"href":"https:\/\/www.polishscience.pl\/fr\/wp-json\/wp\/v2\/posts\/162319\/revisions"}],"wp:attachment":[{"href":"https:\/\/www.polishscience.pl\/fr\/wp-json\/wp\/v2\/media?parent=162319"}],"wp:term":[{"taxonomy":"category","embeddable":true,"href":"https:\/\/www.polishscience.pl\/fr\/wp-json\/wp\/v2\/categories?post=162319"},{"taxonomy":"post_tag","embeddable":true,"href":"https:\/\/www.polishscience.pl\/fr\/wp-json\/wp\/v2\/tags?post=162319"}],"curies":[{"name":"wp","href":"https:\/\/api.w.org\/{rel}","templated":true}]}}