{"id":162313,"date":"2021-01-19T13:57:07","date_gmt":"2021-01-19T12:57:07","guid":{"rendered":"https:\/\/polishscience.pl\/?p=162313"},"modified":"2021-01-27T16:57:38","modified_gmt":"2021-01-27T15:57:38","slug":"la-conference-scientifique-sur-la-formation-de-la-citoyennete-europeenne-a-cracovie","status":"publish","type":"post","link":"https:\/\/www.polishscience.pl\/fr\/la-conference-scientifique-sur-la-formation-de-la-citoyennete-europeenne-a-cracovie\/","title":{"rendered":"La conf\u00e9rence scientifique sur la formation de la citoyennet\u00e9 europ\u00e9enne \u00e0 Cracovie"},"content":{"rendered":"<p class=\"Standard\"><span lang=\"EN-US\" style=\"font-family: 'Times New Roman',serif;\"><strong>Le D\u00e9partement de Politique et de Culture des Pays M\u00e9diterran\u00e9ens de l&rsquo;Institut d&rsquo;\u00e9tudes europ\u00e9ennes de l&rsquo;Universit\u00e9 Jagellonne (UJ) de Cracovie organise le 22 janvier 2021 une conf\u00e9rence scientifique internationale intitul\u00e9e \u00ab\u00a0Fa\u00e7onner la citoyennet\u00e9 europ\u00e9enne dans les soci\u00e9t\u00e9s post-totalitaires. R\u00e9flexions 15 ans apr\u00e8s l&rsquo;\u00e9largissement de l&rsquo;Union Europ\u00e9enne\u00a0\u00bb.<\/strong> <\/span><\/p>\n<p class=\"Standard\"><span lang=\"EN-US\" style=\"font-family: 'Times New Roman',serif;\">La conf\u00e9rence est le r\u00e9sultat d&rsquo;un projet mis en \u0153uvre \u00e0 l&rsquo;Institut d&rsquo;\u00e9tudes europ\u00e9ennes, dans le cadre du programme \u00ab\u00a0L&rsquo;Europe pour les citoyens\u00a0\u00bb. <\/span><\/p>\n<p class=\"Standard\"><span lang=\"EN-US\" style=\"font-family: 'Times New Roman',serif;\">L&rsquo;\u00e9v\u00e9nement sera ax\u00e9 sur les questions suivantes : La transition de syst\u00e8mes non d\u00e9mocratiques (totalitaires et autoritaires) vers la d\u00e9mocratie ; La formation de la soci\u00e9t\u00e9 civile dans les soci\u00e9t\u00e9s post-totalitaires ; Les transformations qui ont eu lieu en Europe centrale et orientale avant et apr\u00e8s l&rsquo;\u00e9largissement de 2004, avec un accent particulier sur les questions d&rsquo;identit\u00e9 nationale et europ\u00e9enne ; la m\u00e9moire des totalitarismes dans les \u00c9tats post-totalitaires (perspective comparative).<\/span><\/p>\n","protected":false},"excerpt":{"rendered":"<p>Le D\u00e9partement de Politique et de Culture des Pays M\u00e9diterran\u00e9ens de l&rsquo;Institut d&rsquo;\u00e9tudes europ\u00e9ennes de l&rsquo;Universit\u00e9 Jagellonne (UJ) de Cracovie organise le 22 janvier 2021 une conf\u00e9rence scientifique internationale intitul\u00e9e \u00ab\u00a0Fa\u00e7onner la citoyennet\u00e9 europ\u00e9enne dans les soci\u00e9t\u00e9s post-totalitaires. R\u00e9flexions 15 ans apr\u00e8s l&rsquo;\u00e9largissement de l&rsquo;Union Europ\u00e9enne\u00a0\u00bb. La conf\u00e9rence est le r\u00e9sultat d&rsquo;un projet mis en [&hellip;]<\/p>\n","protected":false},"author":11,"featured_media":0,"comment_status":"closed","ping_status":"closed","sticky":false,"template":"","format":"standard","meta":[],"categories":[41],"tags":[],"_links":{"self":[{"href":"https:\/\/www.polishscience.pl\/fr\/wp-json\/wp\/v2\/posts\/162313"}],"collection":[{"href":"https:\/\/www.polishscience.pl\/fr\/wp-json\/wp\/v2\/posts"}],"about":[{"href":"https:\/\/www.polishscience.pl\/fr\/wp-json\/wp\/v2\/types\/post"}],"author":[{"embeddable":true,"href":"https:\/\/www.polishscience.pl\/fr\/wp-json\/wp\/v2\/users\/11"}],"replies":[{"embeddable":true,"href":"https:\/\/www.polishscience.pl\/fr\/wp-json\/wp\/v2\/comments?post=162313"}],"version-history":[{"count":0,"href":"https:\/\/www.polishscience.pl\/fr\/wp-json\/wp\/v2\/posts\/162313\/revisions"}],"wp:attachment":[{"href":"https:\/\/www.polishscience.pl\/fr\/wp-json\/wp\/v2\/media?parent=162313"}],"wp:term":[{"taxonomy":"category","embeddable":true,"href":"https:\/\/www.polishscience.pl\/fr\/wp-json\/wp\/v2\/categories?post=162313"},{"taxonomy":"post_tag","embeddable":true,"href":"https:\/\/www.polishscience.pl\/fr\/wp-json\/wp\/v2\/tags?post=162313"}],"curies":[{"name":"wp","href":"https:\/\/api.w.org\/{rel}","templated":true}]}}