{"id":162076,"date":"2021-01-18T17:54:57","date_gmt":"2021-01-18T16:54:57","guid":{"rendered":"https:\/\/polishscience.pl\/?p=162076"},"modified":"2021-01-26T11:56:53","modified_gmt":"2021-01-26T10:56:53","slug":"un-diplome-de-la-polytechnique-de-wroclaw-a-recu-le-deuxieme-prix-dun-concours-darchitecture","status":"publish","type":"post","link":"https:\/\/www.polishscience.pl\/fr\/un-diplome-de-la-polytechnique-de-wroclaw-a-recu-le-deuxieme-prix-dun-concours-darchitecture\/","title":{"rendered":"Un dipl\u00f4m\u00e9 de la Polytechnique de Wroc\u0142aw a re\u00e7u le deuxi\u00e8me prix d&rsquo;un concours d&rsquo;architecture"},"content":{"rendered":"<p><strong>La conception d&rsquo;un abri de montagne dans les montagnes de Karkonosze par Kamil Szymanski &#8211; dipl\u00f4m\u00e9 de la Facult\u00e9 d&rsquo;Architecture de la Polytechnique de Wroc\u0142aw &#8211; a \u00e9t\u00e9 r\u00e9compens\u00e9 par le portail industriel \u00ab\u00a0Architecture et affaires\u00a0\u00bb, rapporte l&rsquo;universit\u00e9.<\/strong><\/p>\n<p>Le concours national a \u00e9valu\u00e9 les m\u00e9moires d&rsquo;ing\u00e9nierie et de ma\u00eetrise d\u00e9fendus en 2018-2020. La deuxi\u00e8me place a \u00e9t\u00e9 attribu\u00e9e \u00e0 Kamil Szyma\u0144ski, dont le dipl\u00f4me a \u00e9t\u00e9 appr\u00e9ci\u00e9 pour \u00ab\u00a0le respect du paysage de montagne et un concept audacieux et moderne permettant un contact \u00e9troit avec la nature\u00a0\u00bb.<\/p>\n<p>L&rsquo;abri serait en b\u00e9ton arm\u00e9 &#8211; pour des raisons structurelles, mais aussi esth\u00e9tiques, car la couleur et la texture du b\u00e9ton sont similaires \u00e0 celles du socle rocheux. La fa\u00e7ade serait \u00e9galement dot\u00e9e de grands vitrages, ce qui brouillerait la barri\u00e8re entre l&rsquo;int\u00e9rieur et l&rsquo;ext\u00e9rieur et exposerait la vue sur le Grand \u00e9tang et la vall\u00e9e \u0141omnica. Un b\u00e2timent d&rsquo;un \u00e9tage de haut niveau serait un mod\u00e8le pour le concours &#8211; \u00c0 lire sur le site web de l&rsquo;universit\u00e9.<\/p>\n<p>Lire la suite : <a href=\"https:\/\/pwr.edu.pl\/uczelnia\/aktualnosci\/architektura-w-szacunku-dla-przyrody-projekt-schroniska-w-karkonoszach-nagrodzony-11862.html\">https:\/\/pwr.edu.pl\/uczelnia\/aktualnosci\/architektura-w-szacunku-dla-przyrody-projekt-schroniska-w-karkonoszach-nagrodzony-11862.html<\/a><\/p>\n","protected":false},"excerpt":{"rendered":"<p>La conception d&rsquo;un abri de montagne dans les montagnes de Karkonosze par Kamil Szymanski &#8211; dipl\u00f4m\u00e9 de la Facult\u00e9 d&rsquo;Architecture de la Polytechnique de Wroc\u0142aw &#8211; a \u00e9t\u00e9 r\u00e9compens\u00e9 par le portail industriel \u00ab\u00a0Architecture et affaires\u00a0\u00bb, rapporte l&rsquo;universit\u00e9. Le concours national a \u00e9valu\u00e9 les m\u00e9moires d&rsquo;ing\u00e9nierie et de ma\u00eetrise d\u00e9fendus en 2018-2020. La deuxi\u00e8me place [&hellip;]<\/p>\n","protected":false},"author":11,"featured_media":0,"comment_status":"closed","ping_status":"closed","sticky":false,"template":"","format":"standard","meta":[],"categories":[41,34],"tags":[],"_links":{"self":[{"href":"https:\/\/www.polishscience.pl\/fr\/wp-json\/wp\/v2\/posts\/162076"}],"collection":[{"href":"https:\/\/www.polishscience.pl\/fr\/wp-json\/wp\/v2\/posts"}],"about":[{"href":"https:\/\/www.polishscience.pl\/fr\/wp-json\/wp\/v2\/types\/post"}],"author":[{"embeddable":true,"href":"https:\/\/www.polishscience.pl\/fr\/wp-json\/wp\/v2\/users\/11"}],"replies":[{"embeddable":true,"href":"https:\/\/www.polishscience.pl\/fr\/wp-json\/wp\/v2\/comments?post=162076"}],"version-history":[{"count":0,"href":"https:\/\/www.polishscience.pl\/fr\/wp-json\/wp\/v2\/posts\/162076\/revisions"}],"wp:attachment":[{"href":"https:\/\/www.polishscience.pl\/fr\/wp-json\/wp\/v2\/media?parent=162076"}],"wp:term":[{"taxonomy":"category","embeddable":true,"href":"https:\/\/www.polishscience.pl\/fr\/wp-json\/wp\/v2\/categories?post=162076"},{"taxonomy":"post_tag","embeddable":true,"href":"https:\/\/www.polishscience.pl\/fr\/wp-json\/wp\/v2\/tags?post=162076"}],"curies":[{"name":"wp","href":"https:\/\/api.w.org\/{rel}","templated":true}]}}