{"id":161368,"date":"2021-01-22T14:06:12","date_gmt":"2021-01-22T13:06:12","guid":{"rendered":"https:\/\/polishscience.pl\/?p=161368"},"modified":"2021-01-22T14:06:12","modified_gmt":"2021-01-22T13:06:12","slug":"tomasz-rzymkowski-est-nomme-secretaire-detat-au-ministere-de-leducation-et-des-sciences","status":"publish","type":"post","link":"https:\/\/www.polishscience.pl\/fr\/tomasz-rzymkowski-est-nomme-secretaire-detat-au-ministere-de-leducation-et-des-sciences\/","title":{"rendered":"Tomasz Rzymkowski est nomm\u00e9 Secr\u00e9taire d&rsquo;\u00c9tat au Minist\u00e8re de l&rsquo;\u00c9ducation et des Sciences"},"content":{"rendered":"<p><strong>Le Premier ministre Mateusz Morawiecki a nomm\u00e9 Tomasz Rzymkowski au poste de secr\u00e9taire d&rsquo;\u00c9tat au Minist\u00e8re de l&rsquo;\u00c9ducation et des Sciences (MEiN) et de pl\u00e9nipotentiaire du gouvernement pour l&rsquo;enseignement g\u00e9n\u00e9ral et le contr\u00f4le p\u00e9dagogique, a annonc\u00e9 le MEiN le 22 janvier 2021.<\/strong><\/p>\n<p>La nomination a \u00e9t\u00e9 remise \u00e0 Tomasz Rzymkowski par le chef du Minist\u00e8re de l&rsquo;\u00c9ducation et des Sciences, Przemys\u0142aw Czarnek.<\/p>\n<p>Tomasz Rzymkowski est dipl\u00f4m\u00e9 de la Facult\u00e9 de Droit, de Droit Canonique et d&rsquo;Administration de l&rsquo;Universit\u00e9 Catholique Jean-Paul II de Lublin (KUL) et a suivi des \u00e9tudes postuniversitaires : les \u00e9tudes europ\u00e9ennes des collectivit\u00e9s locales \u00e0 la KUL (2010) et la comptabilit\u00e9 \u00e0 l&rsquo;Universit\u00e9 des Sciences de la Vie de Varsovie (2011).<\/p>\n<p>En 2018, il a soutenu sa th\u00e8se de doctorat \u00e0 l&rsquo;Universit\u00e9 Catholique de Lublin : \u00ab\u00a0Le syst\u00e8me politique de la R\u00e9publique de Pologne \u00e0 la lumi\u00e8re des dispositions de la loi constitutionnelle du 23 avril 1935 sur la base des mod\u00e8les politiques d&rsquo;autres pays\u00a0\u00bb.<\/p>\n<p>Il parle couramment l&rsquo;allemand et l&rsquo;anglais.<\/p>\n","protected":false},"excerpt":{"rendered":"<p>Le Premier ministre Mateusz Morawiecki a nomm\u00e9 Tomasz Rzymkowski au poste de secr\u00e9taire d&rsquo;\u00c9tat au Minist\u00e8re de l&rsquo;\u00c9ducation et des Sciences (MEiN) et de pl\u00e9nipotentiaire du gouvernement pour l&rsquo;enseignement g\u00e9n\u00e9ral et le contr\u00f4le p\u00e9dagogique, a annonc\u00e9 le MEiN le 22 janvier 2021. La nomination a \u00e9t\u00e9 remise \u00e0 Tomasz Rzymkowski par le chef du Minist\u00e8re [&hellip;]<\/p>\n","protected":false},"author":11,"featured_media":0,"comment_status":"closed","ping_status":"closed","sticky":false,"template":"","format":"standard","meta":[],"categories":[41],"tags":[],"_links":{"self":[{"href":"https:\/\/www.polishscience.pl\/fr\/wp-json\/wp\/v2\/posts\/161368"}],"collection":[{"href":"https:\/\/www.polishscience.pl\/fr\/wp-json\/wp\/v2\/posts"}],"about":[{"href":"https:\/\/www.polishscience.pl\/fr\/wp-json\/wp\/v2\/types\/post"}],"author":[{"embeddable":true,"href":"https:\/\/www.polishscience.pl\/fr\/wp-json\/wp\/v2\/users\/11"}],"replies":[{"embeddable":true,"href":"https:\/\/www.polishscience.pl\/fr\/wp-json\/wp\/v2\/comments?post=161368"}],"version-history":[{"count":0,"href":"https:\/\/www.polishscience.pl\/fr\/wp-json\/wp\/v2\/posts\/161368\/revisions"}],"wp:attachment":[{"href":"https:\/\/www.polishscience.pl\/fr\/wp-json\/wp\/v2\/media?parent=161368"}],"wp:term":[{"taxonomy":"category","embeddable":true,"href":"https:\/\/www.polishscience.pl\/fr\/wp-json\/wp\/v2\/categories?post=161368"},{"taxonomy":"post_tag","embeddable":true,"href":"https:\/\/www.polishscience.pl\/fr\/wp-json\/wp\/v2\/tags?post=161368"}],"curies":[{"name":"wp","href":"https:\/\/api.w.org\/{rel}","templated":true}]}}