{"id":161310,"date":"2021-01-12T16:34:19","date_gmt":"2021-01-12T15:34:19","guid":{"rendered":"https:\/\/polishscience.pl\/?p=161310"},"modified":"2021-01-23T17:35:51","modified_gmt":"2021-01-23T16:35:51","slug":"la-pandemie-dans-la-region-de-lubusz-sous-la-loupe-des-chercheuses-de-luniversite-de-zielona-gora","status":"publish","type":"post","link":"https:\/\/www.polishscience.pl\/fr\/la-pandemie-dans-la-region-de-lubusz-sous-la-loupe-des-chercheuses-de-luniversite-de-zielona-gora\/","title":{"rendered":"La pand\u00e9mie dans la r\u00e9gion de Lubusz sous la loupe des chercheuses de l&rsquo;Universit\u00e9 de Zielona G\u00f3ra"},"content":{"rendered":"<p><strong>Les sociologues de l&rsquo;Universit\u00e9 de Zielona G\u00f3ra \u2013 le professeur Dorota Szaban et le professeur Beata Trzop &#8211; sont les auteurs du livre \u00ab\u00a0Zapiski Lubuszan z czas\u00f3w zarazy&rsquo; 2020. Pandemia koronawirusa w spo\u0142ecze\u0144stwie globalnego ryzyka\u00a0\u00bb(Les notes des habitants de la region de Lubusz de l&rsquo;\u00e9poque de l\u2019\u00e9pidemie 2020. Une pand\u00e9mie de coronavirus dans une soci\u00e9t\u00e9 mondiale \u00e0 risque).<\/strong><\/p>\n<p>La publication a \u00e9t\u00e9 bas\u00e9e sur les d\u00e9clarations et les notes des habitants de la r\u00e9gion de Lubusz. Le mat\u00e9riel a \u00e9t\u00e9 collect\u00e9 imm\u00e9diatement apr\u00e8s la mise en \u0153uvre des restrictions gouvernementales, c&rsquo;est-\u00e0-dire \u00e0 partir de d\u00e9but mars 2020, jusqu&rsquo;en mai de la m\u00eame ann\u00e9e.<\/p>\n<p>&#8211; Ce livre n&rsquo;aurait \u00e9t\u00e9 \u00e9crit \u00e0 aucun autre moment et dans aucune autre situation sociale. C&rsquo;est notre r\u00e9action (&#8230;) \u00e0 une situation sociale unique qui s&rsquo;inscrit dans l&rsquo;optique d&rsquo;une exp\u00e9rience sociale dans des conditions naturelles, une exp\u00e9rience que personne n&rsquo;avait pr\u00e9vue. Quand, en mars 2020, il est apparu clairement que nous entrions dans un type de relation sp\u00e9cifique au niveau des institutions \u00e9ducatives, \u00e9conomiques et interpersonnelles, il \u00e9tait \u00e9vident que ce moment devait \u00eatre saisi, arr\u00eat\u00e9 et d\u00e9crit\u00a0\u00bb, affirment les auteurs cit\u00e9s sur le site web de l&rsquo;universit\u00e9<\/p>\n<p>Lire la suite : <a href=\"https:\/\/www.infoserwis.uz.zgora.pl\/index.php?pandemia-w-wojewodztwie-lubuskim-pod-lup-socjoloek-z-uz\">https:\/\/www.infoserwis.uz.zgora.pl\/index.php?pandemia-w-wojewodztwie-lubuskim-pod-lup-socjoloek-z-uz<\/a><\/p>\n","protected":false},"excerpt":{"rendered":"<p>Les sociologues de l&rsquo;Universit\u00e9 de Zielona G\u00f3ra \u2013 le professeur Dorota Szaban et le professeur Beata Trzop &#8211; sont les auteurs du livre \u00ab\u00a0Zapiski Lubuszan z czas\u00f3w zarazy&rsquo; 2020. Pandemia koronawirusa w spo\u0142ecze\u0144stwie globalnego ryzyka\u00a0\u00bb(Les notes des habitants de la region de Lubusz de l&rsquo;\u00e9poque de l\u2019\u00e9pidemie 2020. Une pand\u00e9mie de coronavirus dans une soci\u00e9t\u00e9 [&hellip;]<\/p>\n","protected":false},"author":11,"featured_media":0,"comment_status":"closed","ping_status":"closed","sticky":false,"template":"","format":"standard","meta":[],"categories":[41],"tags":[],"_links":{"self":[{"href":"https:\/\/www.polishscience.pl\/fr\/wp-json\/wp\/v2\/posts\/161310"}],"collection":[{"href":"https:\/\/www.polishscience.pl\/fr\/wp-json\/wp\/v2\/posts"}],"about":[{"href":"https:\/\/www.polishscience.pl\/fr\/wp-json\/wp\/v2\/types\/post"}],"author":[{"embeddable":true,"href":"https:\/\/www.polishscience.pl\/fr\/wp-json\/wp\/v2\/users\/11"}],"replies":[{"embeddable":true,"href":"https:\/\/www.polishscience.pl\/fr\/wp-json\/wp\/v2\/comments?post=161310"}],"version-history":[{"count":0,"href":"https:\/\/www.polishscience.pl\/fr\/wp-json\/wp\/v2\/posts\/161310\/revisions"}],"wp:attachment":[{"href":"https:\/\/www.polishscience.pl\/fr\/wp-json\/wp\/v2\/media?parent=161310"}],"wp:term":[{"taxonomy":"category","embeddable":true,"href":"https:\/\/www.polishscience.pl\/fr\/wp-json\/wp\/v2\/categories?post=161310"},{"taxonomy":"post_tag","embeddable":true,"href":"https:\/\/www.polishscience.pl\/fr\/wp-json\/wp\/v2\/tags?post=161310"}],"curies":[{"name":"wp","href":"https:\/\/api.w.org\/{rel}","templated":true}]}}