{"id":160521,"date":"2020-12-31T11:20:08","date_gmt":"2020-12-31T10:20:08","guid":{"rendered":"https:\/\/polishscience.pl\/?p=160521"},"modified":"2021-01-04T10:21:02","modified_gmt":"2021-01-04T09:21:02","slug":"des-chercheurs-de-luniversite-de-wroclaw-preparent-lannee-internationale-des-grottes-et-du-karst","status":"publish","type":"post","link":"https:\/\/www.polishscience.pl\/fr\/des-chercheurs-de-luniversite-de-wroclaw-preparent-lannee-internationale-des-grottes-et-du-karst\/","title":{"rendered":"Des chercheurs de l&rsquo;Universit\u00e9 de Wroc\u0142aw pr\u00e9parent l&rsquo;Ann\u00e9e Internationale des Grottes et du Karst"},"content":{"rendered":"<p class=\"Standard\"><strong><span lang=\"EN-US\" style=\"font-family: 'Times New Roman',serif;\">L&rsquo;ann\u00e9e 2021 a \u00e9t\u00e9 d\u00e9clar\u00e9e Ann\u00e9e Internationale des Grottes et du Karst. L&rsquo;Universit\u00e9 de Wroclaw a pr\u00e9vu un certain nombre d&rsquo;actions \u00e0 cet \u00e9gard. Il y aura un site web sp\u00e9cial consacr\u00e9 \u00e0 la recherche dans les grottes, les scientifiques organiseront des \u00e9quipes de recherche et des projets scientifiques et exploratoires, et si la situation le permet, \u00e9galement des actions pour les \u00e9coles et les habitants de Basse-Sil\u00e9sie et de toute la Pologne.<\/span><\/strong><\/p>\n<p class=\"Standard\"><span lang=\"EN-US\" style=\"font-family: 'Times New Roman',serif;\">L&rsquo;universit\u00e9 a r\u00e9ussi \u00e0 persuader les gardiens des grottes de Basse-Sil\u00e9sie, accessibles aux touristes : Nied\u017awiedziej et Radochowska, de coop\u00e9rer au programme de l&rsquo;ann\u00e9e prochaine. Les chercheurs impliqueront des sp\u00e9l\u00e9ologues et des organisations s&rsquo;occupant de la protection et de la recherche karstiques. Les activit\u00e9s seront men\u00e9es \u00e0 grande \u00e9chelle &#8211; des \u00e9quipes internationales de scientifiques de Pologne, d&rsquo;Ukraine, de la R\u00e9publique tch\u00e8que et d&rsquo;autres pays seront constitu\u00e9es &#8211; annonce l&rsquo;Universit\u00e9 de Wroc\u0142aw.<\/span><\/p>\n<p class=\"Standard\"><span lang=\"EN-US\" style=\"font-family: 'Times New Roman',serif;\">Lorsque la situation pand\u00e9mique le permettra, les scientifiques inviteront les amateurs de grottes des Sud\u00e8tes ou du Jurassique de Cracovie-Wielunska \u00e0 des rencontres li\u00e9es \u00e0 des visites touristiques, des conf\u00e9rences de terrain et des camps scientifiques et didactiques.<\/span><\/p>\n<p class=\"Standard\"><span lang=\"EN-US\" style=\"font-family: 'Times New Roman',serif;\">Pour en savoir plus : <a href=\"https:\/\/uni.wroc.pl\/naukowcy-o-jaskiniach\/\">https:\/\/uni.wroc.pl\/naukowcy-o-jaskiniach\/<\/a><\/span><\/p>\n","protected":false},"excerpt":{"rendered":"<p>L&rsquo;ann\u00e9e 2021 a \u00e9t\u00e9 d\u00e9clar\u00e9e Ann\u00e9e Internationale des Grottes et du Karst. L&rsquo;Universit\u00e9 de Wroclaw a pr\u00e9vu un certain nombre d&rsquo;actions \u00e0 cet \u00e9gard. Il y aura un site web sp\u00e9cial consacr\u00e9 \u00e0 la recherche dans les grottes, les scientifiques organiseront des \u00e9quipes de recherche et des projets scientifiques et exploratoires, et si la situation [&hellip;]<\/p>\n","protected":false},"author":11,"featured_media":0,"comment_status":"closed","ping_status":"closed","sticky":false,"template":"","format":"standard","meta":[],"categories":[41],"tags":[],"_links":{"self":[{"href":"https:\/\/www.polishscience.pl\/fr\/wp-json\/wp\/v2\/posts\/160521"}],"collection":[{"href":"https:\/\/www.polishscience.pl\/fr\/wp-json\/wp\/v2\/posts"}],"about":[{"href":"https:\/\/www.polishscience.pl\/fr\/wp-json\/wp\/v2\/types\/post"}],"author":[{"embeddable":true,"href":"https:\/\/www.polishscience.pl\/fr\/wp-json\/wp\/v2\/users\/11"}],"replies":[{"embeddable":true,"href":"https:\/\/www.polishscience.pl\/fr\/wp-json\/wp\/v2\/comments?post=160521"}],"version-history":[{"count":0,"href":"https:\/\/www.polishscience.pl\/fr\/wp-json\/wp\/v2\/posts\/160521\/revisions"}],"wp:attachment":[{"href":"https:\/\/www.polishscience.pl\/fr\/wp-json\/wp\/v2\/media?parent=160521"}],"wp:term":[{"taxonomy":"category","embeddable":true,"href":"https:\/\/www.polishscience.pl\/fr\/wp-json\/wp\/v2\/categories?post=160521"},{"taxonomy":"post_tag","embeddable":true,"href":"https:\/\/www.polishscience.pl\/fr\/wp-json\/wp\/v2\/tags?post=160521"}],"curies":[{"name":"wp","href":"https:\/\/api.w.org\/{rel}","templated":true}]}}