{"id":160282,"date":"2020-12-31T13:24:36","date_gmt":"2020-12-31T12:24:36","guid":{"rendered":"https:\/\/polishscience.pl\/?p=160282"},"modified":"2020-12-31T13:24:36","modified_gmt":"2020-12-31T12:24:36","slug":"a-partir-de-la-nouvelle-annee-le-ministere-de-leducation-et-des-sciences-commence-officiellement-a-fonctionner","status":"publish","type":"post","link":"https:\/\/www.polishscience.pl\/fr\/a-partir-de-la-nouvelle-annee-le-ministere-de-leducation-et-des-sciences-commence-officiellement-a-fonctionner\/","title":{"rendered":"A partir de la nouvelle ann\u00e9e, le Minist\u00e8re de l&rsquo;\u00c9ducation et des Sciences commence officiellement \u00e0 fonctionner"},"content":{"rendered":"<p class=\"Standard\"><strong><span lang=\"EN-US\" style=\"font-family: 'Times New Roman',serif;\">\u00c0 partir du 1er janvier 2021, le Minist\u00e8re des Sciences et de l&rsquo;Enseignement Sup\u00e9rieur et le Minist\u00e8re de l&rsquo;\u00c9ducation Nationale seront officiellement fusionn\u00e9s et remplac\u00e9s par un seul Minist\u00e8re de l&rsquo;\u00c9ducation et des Sciences.<\/span><\/strong><\/p>\n<p class=\"Standard\"><span lang=\"EN-US\" style=\"font-family: 'Times New Roman',serif;\">Il y aura moins de vice-ministres, certains d\u00e9partements seront fusionn\u00e9s, d&rsquo;autres seront s\u00e9par\u00e9s jusqu&rsquo;\u00e0 pr\u00e9sent &#8211; a d\u00e9clar\u00e9 le Ministre de l&rsquo;\u00c9ducation et des Sciences Przemys\u0142aw Czarnek dans le programme 1 de la radio polonaise.<\/span><\/p>\n<p class=\"Standard\"><span lang=\"EN-US\" style=\"font-family: 'Times New Roman',serif;\">Le chef du minist\u00e8re des sciences a ajout\u00e9 que rien ne changera en ce qui concerne son bureau, car selon les questions, il sera dans les deux minist\u00e8res.<\/span><\/p>\n<p class=\"Standard\"><span lang=\"EN-US\" style=\"font-family: 'Times New Roman',serif;\">\u00c0 son tour, il a annonc\u00e9 la fusion des d\u00e9partements dont les domaines d&rsquo;activit\u00e9 se chevauchent, comme ceux de la coop\u00e9ration internationale. Il a rappel\u00e9 en m\u00eame temps que deux d\u00e9partements de l&rsquo;administration gouvernementale demeurent : \u00ab\u00a0l\u2019\u00e9ducation nationale\u00a0\u00bb et \u00ab\u00a0les sciences et l\u2019enseignement sup\u00e9rieur\u00a0\u00bb, qui continueront \u00e0 fonctionner s\u00e9par\u00e9ment.<\/span><\/p>\n","protected":false},"excerpt":{"rendered":"<p>\u00c0 partir du 1er janvier 2021, le Minist\u00e8re des Sciences et de l&rsquo;Enseignement Sup\u00e9rieur et le Minist\u00e8re de l&rsquo;\u00c9ducation Nationale seront officiellement fusionn\u00e9s et remplac\u00e9s par un seul Minist\u00e8re de l&rsquo;\u00c9ducation et des Sciences. Il y aura moins de vice-ministres, certains d\u00e9partements seront fusionn\u00e9s, d&rsquo;autres seront s\u00e9par\u00e9s jusqu&rsquo;\u00e0 pr\u00e9sent &#8211; a d\u00e9clar\u00e9 le Ministre de [&hellip;]<\/p>\n","protected":false},"author":11,"featured_media":0,"comment_status":"closed","ping_status":"closed","sticky":false,"template":"","format":"standard","meta":[],"categories":[35,41],"tags":[],"_links":{"self":[{"href":"https:\/\/www.polishscience.pl\/fr\/wp-json\/wp\/v2\/posts\/160282"}],"collection":[{"href":"https:\/\/www.polishscience.pl\/fr\/wp-json\/wp\/v2\/posts"}],"about":[{"href":"https:\/\/www.polishscience.pl\/fr\/wp-json\/wp\/v2\/types\/post"}],"author":[{"embeddable":true,"href":"https:\/\/www.polishscience.pl\/fr\/wp-json\/wp\/v2\/users\/11"}],"replies":[{"embeddable":true,"href":"https:\/\/www.polishscience.pl\/fr\/wp-json\/wp\/v2\/comments?post=160282"}],"version-history":[{"count":0,"href":"https:\/\/www.polishscience.pl\/fr\/wp-json\/wp\/v2\/posts\/160282\/revisions"}],"wp:attachment":[{"href":"https:\/\/www.polishscience.pl\/fr\/wp-json\/wp\/v2\/media?parent=160282"}],"wp:term":[{"taxonomy":"category","embeddable":true,"href":"https:\/\/www.polishscience.pl\/fr\/wp-json\/wp\/v2\/categories?post=160282"},{"taxonomy":"post_tag","embeddable":true,"href":"https:\/\/www.polishscience.pl\/fr\/wp-json\/wp\/v2\/tags?post=160282"}],"curies":[{"name":"wp","href":"https:\/\/api.w.org\/{rel}","templated":true}]}}