{"id":160059,"date":"2020-12-29T13:33:37","date_gmt":"2020-12-29T12:33:37","guid":{"rendered":"https:\/\/polishscience.pl\/?p=160059"},"modified":"2020-12-29T13:33:37","modified_gmt":"2020-12-29T12:33:37","slug":"les-etoiles-de-lhorizon-2020-pour-luniversite-jagellonne-et-ses-scientifiques","status":"publish","type":"post","link":"https:\/\/www.polishscience.pl\/fr\/les-etoiles-de-lhorizon-2020-pour-luniversite-jagellonne-et-ses-scientifiques\/","title":{"rendered":"\u00ab\u00a0Les \u00c9toiles de l&rsquo;Horizon 2020\u00a0\u00bb pour l&rsquo;Universit\u00e9 Jagellonne et ses scientifiques"},"content":{"rendered":"<p><strong>Les scientifiques de l&rsquo;Universit\u00e9 Jagellonne de Cracovie, les docteurs d\u2019\u00c9tat Micha\u0142 Nemeth et Tomasz \u017buradzki\u00a0 ont re\u00e7u le titre \u00a0\u00ab\u00a0les \u00c9toiles de l\u2019Horizon 2020\u00a0\u00bb. Cette distinction a \u00e9t\u00e9 d\u00e9cern\u00e9e par le Point R\u00e9gional de Contact pour les Programmes de Recherche de l&rsquo;Union Europ\u00e9enne \u00e0 Cracovie.<\/strong><\/p>\n<p>Le participant le plus actif du programme-cadre de l&rsquo;Union Europ\u00e9enne Horizon 2020 de la Petite Pologne et des vo\u00efvodies des Basses-Carpates dans la cat\u00e9gorie \u00ab\u00a0Universit\u00e9s\u00a0\u00bb a \u00e9t\u00e9 l&rsquo;Universit\u00e9 Jagellonne, qui a re\u00e7u l'\u00a0\u00bb\u00c9toile d&rsquo;Horizon 2020&Prime; en reconnaissance de sa 7e coordination et de sa 51 participation au programme.<\/p>\n<p>Rappelons que les docteurs d\u2019\u00c9tat Micha\u0142 Nemeth et Tomasz \u017buradzki professeurs \u00e0 l\u2019Universit\u00e9 Jagellonne ont remport\u00e9 les plus prestigieuses bourses du Conseil Europ\u00e9en de la Recherche (CER) sur le Vieux continent en 2018.<\/p>\n<p>Le Dr d\u2019\u00c9tat\u00a0 Micha\u0142 N\u00e9meth se sp\u00e9cialise dans la recherche sur l&rsquo;histoire de la langue kara\u00efm bas\u00e9e sur l&rsquo;\u00e9dition de sources \u00e9crites. Par contre le docteur d\u2019\u00c9tat Tomasz \u017buradzki est un philosophe qui s&rsquo;int\u00e9resse \u00e0 la m\u00e9ta\u00e9thique et \u00e0 l&rsquo;\u00e9thique pratique.<\/p>\n","protected":false},"excerpt":{"rendered":"<p>Les scientifiques de l&rsquo;Universit\u00e9 Jagellonne de Cracovie, les docteurs d\u2019\u00c9tat Micha\u0142 Nemeth et Tomasz \u017buradzki\u00a0 ont re\u00e7u le titre \u00a0\u00ab\u00a0les \u00c9toiles de l\u2019Horizon 2020\u00a0\u00bb. Cette distinction a \u00e9t\u00e9 d\u00e9cern\u00e9e par le Point R\u00e9gional de Contact pour les Programmes de Recherche de l&rsquo;Union Europ\u00e9enne \u00e0 Cracovie. Le participant le plus actif du programme-cadre de l&rsquo;Union Europ\u00e9enne [&hellip;]<\/p>\n","protected":false},"author":11,"featured_media":0,"comment_status":"closed","ping_status":"closed","sticky":false,"template":"","format":"standard","meta":[],"categories":[35],"tags":[],"_links":{"self":[{"href":"https:\/\/www.polishscience.pl\/fr\/wp-json\/wp\/v2\/posts\/160059"}],"collection":[{"href":"https:\/\/www.polishscience.pl\/fr\/wp-json\/wp\/v2\/posts"}],"about":[{"href":"https:\/\/www.polishscience.pl\/fr\/wp-json\/wp\/v2\/types\/post"}],"author":[{"embeddable":true,"href":"https:\/\/www.polishscience.pl\/fr\/wp-json\/wp\/v2\/users\/11"}],"replies":[{"embeddable":true,"href":"https:\/\/www.polishscience.pl\/fr\/wp-json\/wp\/v2\/comments?post=160059"}],"version-history":[{"count":0,"href":"https:\/\/www.polishscience.pl\/fr\/wp-json\/wp\/v2\/posts\/160059\/revisions"}],"wp:attachment":[{"href":"https:\/\/www.polishscience.pl\/fr\/wp-json\/wp\/v2\/media?parent=160059"}],"wp:term":[{"taxonomy":"category","embeddable":true,"href":"https:\/\/www.polishscience.pl\/fr\/wp-json\/wp\/v2\/categories?post=160059"},{"taxonomy":"post_tag","embeddable":true,"href":"https:\/\/www.polishscience.pl\/fr\/wp-json\/wp\/v2\/tags?post=160059"}],"curies":[{"name":"wp","href":"https:\/\/api.w.org\/{rel}","templated":true}]}}