{"id":159402,"date":"2020-12-23T15:09:53","date_gmt":"2020-12-23T14:09:53","guid":{"rendered":"https:\/\/polishscience.pl\/?p=159402"},"modified":"2020-12-23T15:09:53","modified_gmt":"2020-12-23T14:09:53","slug":"la-creation-du-centre-danalyses-des-experts-a-luniversite-de-szczecin","status":"publish","type":"post","link":"https:\/\/www.polishscience.pl\/fr\/la-creation-du-centre-danalyses-des-experts-a-luniversite-de-szczecin\/","title":{"rendered":"La cr\u00e9ation du Centre d&rsquo;Analyses des Experts \u00e0 l&rsquo;Universit\u00e9 de Szczecin"},"content":{"rendered":"<p class=\"Standard\"><strong><span lang=\"EN-US\" style=\"font-family: 'Times New Roman',serif;\">\u00c0 la Facult\u00e9 de Droit et d&rsquo;Administration de l&rsquo;Universit\u00e9 de Szczecin, un Centre d&rsquo;Analyses des Experts a \u00e9t\u00e9 cr\u00e9\u00e9. La nouvelle unit\u00e9 s&rsquo;occupera de la pr\u00e9paration des analyses, de la pr\u00e9paration des avis d&rsquo;experts, de la cr\u00e9ation d&rsquo;avis et de la conduite des formations &#8211; informe l&rsquo;universit\u00e9.<\/span><\/strong><\/p>\n<p class=\"Standard\"><span lang=\"EN-US\" style=\"font-family: 'Times New Roman',serif;\">L&rsquo;objectif de l&rsquo;unit\u00e9 est de commercialiser les r\u00e9sultats de la recherche scientifique des employ\u00e9s de la Facult\u00e9 de Droit et d&rsquo;Administration et de leurs travaux de d\u00e9veloppement et de fournir des services de recherche. Le Centre offre un soutien au gouvernement et \u00e0 l&rsquo;administration locale, aux autres entit\u00e9s ex\u00e9cutant des t\u00e2ches publiques, aux entrepreneurs et aux institutions de l&rsquo;environnement des affaires, aux organisations \u00e0 but non lucratif et aux particuliers.<\/span><\/p>\n<p class=\"Standard\"><span lang=\"EN-US\" style=\"font-family: 'Times New Roman',serif;\">Les analyses, les expertises et les avis juridiques propos\u00e9s ainsi que les formations concernent des questions li\u00e9es, entre autres, au droit civil, mat\u00e9riel et proc\u00e9dural, au droit commercial, au droit et aux proc\u00e9dures administratives, au droit p\u00e9nal, au droit financier, bancaire et fiscal, au droit de l&rsquo;environnement, au droit \u00e9conomique, ainsi qu&rsquo;au droit du travail et de la s\u00e9curit\u00e9 sociale et au droit constitutionnel.<\/span><\/p>\n","protected":false},"excerpt":{"rendered":"<p>\u00c0 la Facult\u00e9 de Droit et d&rsquo;Administration de l&rsquo;Universit\u00e9 de Szczecin, un Centre d&rsquo;Analyses des Experts a \u00e9t\u00e9 cr\u00e9\u00e9. La nouvelle unit\u00e9 s&rsquo;occupera de la pr\u00e9paration des analyses, de la pr\u00e9paration des avis d&rsquo;experts, de la cr\u00e9ation d&rsquo;avis et de la conduite des formations &#8211; informe l&rsquo;universit\u00e9. L&rsquo;objectif de l&rsquo;unit\u00e9 est de commercialiser les r\u00e9sultats [&hellip;]<\/p>\n","protected":false},"author":11,"featured_media":0,"comment_status":"closed","ping_status":"closed","sticky":false,"template":"","format":"standard","meta":[],"categories":[35],"tags":[],"_links":{"self":[{"href":"https:\/\/www.polishscience.pl\/fr\/wp-json\/wp\/v2\/posts\/159402"}],"collection":[{"href":"https:\/\/www.polishscience.pl\/fr\/wp-json\/wp\/v2\/posts"}],"about":[{"href":"https:\/\/www.polishscience.pl\/fr\/wp-json\/wp\/v2\/types\/post"}],"author":[{"embeddable":true,"href":"https:\/\/www.polishscience.pl\/fr\/wp-json\/wp\/v2\/users\/11"}],"replies":[{"embeddable":true,"href":"https:\/\/www.polishscience.pl\/fr\/wp-json\/wp\/v2\/comments?post=159402"}],"version-history":[{"count":0,"href":"https:\/\/www.polishscience.pl\/fr\/wp-json\/wp\/v2\/posts\/159402\/revisions"}],"wp:attachment":[{"href":"https:\/\/www.polishscience.pl\/fr\/wp-json\/wp\/v2\/media?parent=159402"}],"wp:term":[{"taxonomy":"category","embeddable":true,"href":"https:\/\/www.polishscience.pl\/fr\/wp-json\/wp\/v2\/categories?post=159402"},{"taxonomy":"post_tag","embeddable":true,"href":"https:\/\/www.polishscience.pl\/fr\/wp-json\/wp\/v2\/tags?post=159402"}],"curies":[{"name":"wp","href":"https:\/\/api.w.org\/{rel}","templated":true}]}}