{"id":158486,"date":"2020-12-16T16:12:06","date_gmt":"2020-12-16T15:12:06","guid":{"rendered":"https:\/\/polishscience.pl\/?p=158486"},"modified":"2020-12-16T16:12:06","modified_gmt":"2020-12-16T15:12:06","slug":"un-diplome-de-luniversite-des-sciences-de-la-vie-de-poznan-est-membre-du-bureau-du-forum-des-nations-unies-sur-les-forets","status":"publish","type":"post","link":"https:\/\/www.polishscience.pl\/fr\/un-diplome-de-luniversite-des-sciences-de-la-vie-de-poznan-est-membre-du-bureau-du-forum-des-nations-unies-sur-les-forets\/","title":{"rendered":"Un dipl\u00f4m\u00e9 de l&rsquo;Universit\u00e9 des Sciences de la Vie de Pozna\u0144 est membre du Bureau du Forum des Nations unies sur les For\u00eats"},"content":{"rendered":"<p><strong>\u00a0Tomasz Markiewicz, dipl\u00f4m\u00e9 de l&rsquo;Universit\u00e9 des Sciences de la Vie (UPP) \u00e0 Pozna\u0144 et pr\u00e9sident du Conseil universitaire de l&rsquo;UPP, a \u00e9t\u00e9 le premier Polonais et le quinzi\u00e8me Europ\u00e9en \u00e0 \u00eatre \u00e9lu membre du Forum des Nations unies sur les For\u00eats, informe l&rsquo;universit\u00e9.<\/strong><\/p>\n<p>Tomasz Markiewicz est associ\u00e9 aux for\u00eats depuis 24 ans, il est, entre autres, le vice-pr\u00e9sident de l&rsquo;Union des Forestiers Europ\u00e9ens &#8211; la plus grande et la plus ancienne organisation regroupant 80 000 forestiers de 25 pays europ\u00e9ens. Aux Nations unies, il travaillera pour la politique foresti\u00e8re internationale et la mise en \u0153uvre de la strat\u00e9gie de gestion durable des for\u00eats.<\/p>\n<p>Le Forum des Nations unies sur les For\u00eats a \u00e9t\u00e9 cr\u00e9\u00e9 en 2000 par le Conseil \u00e9conomique et social des Nations unies. L&rsquo;adh\u00e9sion au Forum est universelle et comprend tous les pays membres des Nations unies. Le Forum sur les for\u00eats est le seul forum international qui traite exclusivement des questions foresti\u00e8res et promeut la gestion durable des for\u00eats dans le monde entier.<\/p>\n<p>En savoir plus : <a href=\"https:\/\/puls.edu.pl\/aktualno-ci\/przewodnicz-cy-rady-uczelni-uniwersytetu-przyrodniczego-w-poznaniu-w-organizacji-narod-w\">https:\/\/puls.edu.pl\/aktualno-ci\/przewodnicz-cy-rady-uczelni-uniwersytetu-przyrodniczego-w-poznaniu-w-organizacji-narod-w<\/a><\/p>\n","protected":false},"excerpt":{"rendered":"<p>\u00a0Tomasz Markiewicz, dipl\u00f4m\u00e9 de l&rsquo;Universit\u00e9 des Sciences de la Vie (UPP) \u00e0 Pozna\u0144 et pr\u00e9sident du Conseil universitaire de l&rsquo;UPP, a \u00e9t\u00e9 le premier Polonais et le quinzi\u00e8me Europ\u00e9en \u00e0 \u00eatre \u00e9lu membre du Forum des Nations unies sur les For\u00eats, informe l&rsquo;universit\u00e9. Tomasz Markiewicz est associ\u00e9 aux for\u00eats depuis 24 ans, il est, entre [&hellip;]<\/p>\n","protected":false},"author":11,"featured_media":0,"comment_status":"closed","ping_status":"closed","sticky":false,"template":"","format":"standard","meta":[],"categories":[41],"tags":[],"_links":{"self":[{"href":"https:\/\/www.polishscience.pl\/fr\/wp-json\/wp\/v2\/posts\/158486"}],"collection":[{"href":"https:\/\/www.polishscience.pl\/fr\/wp-json\/wp\/v2\/posts"}],"about":[{"href":"https:\/\/www.polishscience.pl\/fr\/wp-json\/wp\/v2\/types\/post"}],"author":[{"embeddable":true,"href":"https:\/\/www.polishscience.pl\/fr\/wp-json\/wp\/v2\/users\/11"}],"replies":[{"embeddable":true,"href":"https:\/\/www.polishscience.pl\/fr\/wp-json\/wp\/v2\/comments?post=158486"}],"version-history":[{"count":0,"href":"https:\/\/www.polishscience.pl\/fr\/wp-json\/wp\/v2\/posts\/158486\/revisions"}],"wp:attachment":[{"href":"https:\/\/www.polishscience.pl\/fr\/wp-json\/wp\/v2\/media?parent=158486"}],"wp:term":[{"taxonomy":"category","embeddable":true,"href":"https:\/\/www.polishscience.pl\/fr\/wp-json\/wp\/v2\/categories?post=158486"},{"taxonomy":"post_tag","embeddable":true,"href":"https:\/\/www.polishscience.pl\/fr\/wp-json\/wp\/v2\/tags?post=158486"}],"curies":[{"name":"wp","href":"https:\/\/api.w.org\/{rel}","templated":true}]}}