{"id":157952,"date":"2020-12-11T12:45:52","date_gmt":"2020-12-11T11:45:52","guid":{"rendered":"https:\/\/polishscience.pl\/?p=157952"},"modified":"2020-12-11T12:45:52","modified_gmt":"2020-12-11T11:45:52","slug":"le-paquet-de-la-liberte-academique","status":"publish","type":"post","link":"https:\/\/www.polishscience.pl\/fr\/le-paquet-de-la-liberte-academique\/","title":{"rendered":"Le paquet de la Libert\u00e9 Acad\u00e9mique"},"content":{"rendered":"<p><strong>Le respect de la libert\u00e9 d&rsquo;enseignement, de la libert\u00e9 d&rsquo;expression, de la recherche scientifique, de l&rsquo;annonce de leurs r\u00e9sultats, ainsi que le d\u00e9bat acad\u00e9mique en accord avec les principes du pluralisme de la vision du monde et les r\u00e8glements de l&rsquo;universit\u00e9 &#8211; tels sont les principaux postulats du Paquet de la Libert\u00e9 Acad\u00e9mique.<\/strong><\/p>\n<p>Le ministre de l&rsquo;\u00e9ducation et des sciences Przemys\u0142aw \u00a0Czarnek pr\u00e9sente les d\u00e9tails du projet d&rsquo;amendement de la loi &#8211; loi sur l&rsquo;enseignement sup\u00e9rieur et les sciences, qui concerne la responsabilit\u00e9 disciplinaire des enseignants universitaires.<\/p>\n<p>Le paquet de la Libert\u00e9 Acad\u00e9mique introduit des modifications juridiques qui garantissent la libert\u00e9 d&rsquo;enseignement, la libert\u00e9 d&rsquo;expression et la libert\u00e9 de recherche scientifique des enseignants. Ce paquet est la r\u00e9alisation, dans la pratique universitaire, du droit constitutionnel d&rsquo;exprimer sa vision du monde et ses convictions religieuses et philosophiques.<\/p>\n","protected":false},"excerpt":{"rendered":"<p>Le respect de la libert\u00e9 d&rsquo;enseignement, de la libert\u00e9 d&rsquo;expression, de la recherche scientifique, de l&rsquo;annonce de leurs r\u00e9sultats, ainsi que le d\u00e9bat acad\u00e9mique en accord avec les principes du pluralisme de la vision du monde et les r\u00e8glements de l&rsquo;universit\u00e9 &#8211; tels sont les principaux postulats du Paquet de la Libert\u00e9 Acad\u00e9mique. Le ministre [&hellip;]<\/p>\n","protected":false},"author":11,"featured_media":0,"comment_status":"closed","ping_status":"closed","sticky":false,"template":"","format":"standard","meta":[],"categories":[35],"tags":[],"_links":{"self":[{"href":"https:\/\/www.polishscience.pl\/fr\/wp-json\/wp\/v2\/posts\/157952"}],"collection":[{"href":"https:\/\/www.polishscience.pl\/fr\/wp-json\/wp\/v2\/posts"}],"about":[{"href":"https:\/\/www.polishscience.pl\/fr\/wp-json\/wp\/v2\/types\/post"}],"author":[{"embeddable":true,"href":"https:\/\/www.polishscience.pl\/fr\/wp-json\/wp\/v2\/users\/11"}],"replies":[{"embeddable":true,"href":"https:\/\/www.polishscience.pl\/fr\/wp-json\/wp\/v2\/comments?post=157952"}],"version-history":[{"count":0,"href":"https:\/\/www.polishscience.pl\/fr\/wp-json\/wp\/v2\/posts\/157952\/revisions"}],"wp:attachment":[{"href":"https:\/\/www.polishscience.pl\/fr\/wp-json\/wp\/v2\/media?parent=157952"}],"wp:term":[{"taxonomy":"category","embeddable":true,"href":"https:\/\/www.polishscience.pl\/fr\/wp-json\/wp\/v2\/categories?post=157952"},{"taxonomy":"post_tag","embeddable":true,"href":"https:\/\/www.polishscience.pl\/fr\/wp-json\/wp\/v2\/tags?post=157952"}],"curies":[{"name":"wp","href":"https:\/\/api.w.org\/{rel}","templated":true}]}}