{"id":157693,"date":"2020-12-10T15:59:38","date_gmt":"2020-12-10T14:59:38","guid":{"rendered":"https:\/\/polishscience.pl\/?p=157693"},"modified":"2020-12-10T15:59:38","modified_gmt":"2020-12-10T14:59:38","slug":"la-conference-scientifique-les-aspects-culturels-et-sociaux-de-la-publicite-et-du-marketing","status":"publish","type":"post","link":"https:\/\/www.polishscience.pl\/fr\/la-conference-scientifique-les-aspects-culturels-et-sociaux-de-la-publicite-et-du-marketing\/","title":{"rendered":"La conf\u00e9rence scientifique \u00ab\u00a0Les aspects culturels et sociaux de la publicit\u00e9 et du marketing\u00a0\u00bb"},"content":{"rendered":"<p class=\"Standard\"><strong><span lang=\"EN-US\" style=\"font-family: 'Times New Roman',serif;\">Le Cercle Scientifique des \u00e9tudiants en sociologie de l&rsquo;Universit\u00e9 des Sciences et des Technologies AGH de Cracovie et la Fondation \u00ab\u00a0Dzie\u0144 dobry ! kolektyw kultury\u00a0\u00bb (Bonjour ! Collectif de la culture) organisent les 12 et 13 d\u00e9cembre 2020 une conf\u00e9rence scientifique nationale interdisciplinaire intitul\u00e9e \u00ab\u00a0Les aspects culturels et sociaux de la publicit\u00e9 et du marketing\u00a0\u00bb.<\/span><\/strong><\/p>\n<p class=\"Standard\"><span lang=\"EN-US\" style=\"font-family: 'Times New Roman',serif;\">Les organisateurs invitent \u00e0 participer \u00e0 la conf\u00e9rence des personnes li\u00e9es \u00e0 la sociologie, aux \u00e9tudes culturelles, au marketing et \u00e0 la gestion, aux \u00e9tudes m\u00e9diatiques, \u00e0 la linguistique, aux \u00e9tudes litt\u00e9raires, \u00e0 la p\u00e9dagogie, \u00e0 l&rsquo;anthropologie culturelle, aux sciences de l&rsquo;art, \u00e0 la philologie, au droit, \u00e0 la psychologie, aux sciences politiques et \u00e0 d&rsquo;autres sciences humaines et sociales.<\/span><\/p>\n<p class=\"Standard\"><span lang=\"EN-US\" style=\"font-family: 'Times New Roman',serif;\">La port\u00e9e th\u00e9matique de la conf\u00e9rence comprendra des articles sur des questions largement comprises li\u00e9es \u00e0 la publicit\u00e9 et au marketing : l&rsquo;histoire de la publicit\u00e9 et du marketing, l&rsquo;analyse et l&rsquo;interpr\u00e9tation de certains messages publicitaires, les aspects linguistiques de la publicit\u00e9, les aspects psychologiques de la publicit\u00e9 ou la responsabilit\u00e9 sociale de la publicit\u00e9 et ses aspects \u00e9thiques.<\/span><\/p>\n","protected":false},"excerpt":{"rendered":"<p>Le Cercle Scientifique des \u00e9tudiants en sociologie de l&rsquo;Universit\u00e9 des Sciences et des Technologies AGH de Cracovie et la Fondation \u00ab\u00a0Dzie\u0144 dobry ! kolektyw kultury\u00a0\u00bb (Bonjour ! Collectif de la culture) organisent les 12 et 13 d\u00e9cembre 2020 une conf\u00e9rence scientifique nationale interdisciplinaire intitul\u00e9e \u00ab\u00a0Les aspects culturels et sociaux de la publicit\u00e9 et du marketing\u00a0\u00bb. [&hellip;]<\/p>\n","protected":false},"author":11,"featured_media":0,"comment_status":"closed","ping_status":"closed","sticky":false,"template":"","format":"standard","meta":[],"categories":[41,37],"tags":[],"_links":{"self":[{"href":"https:\/\/www.polishscience.pl\/fr\/wp-json\/wp\/v2\/posts\/157693"}],"collection":[{"href":"https:\/\/www.polishscience.pl\/fr\/wp-json\/wp\/v2\/posts"}],"about":[{"href":"https:\/\/www.polishscience.pl\/fr\/wp-json\/wp\/v2\/types\/post"}],"author":[{"embeddable":true,"href":"https:\/\/www.polishscience.pl\/fr\/wp-json\/wp\/v2\/users\/11"}],"replies":[{"embeddable":true,"href":"https:\/\/www.polishscience.pl\/fr\/wp-json\/wp\/v2\/comments?post=157693"}],"version-history":[{"count":0,"href":"https:\/\/www.polishscience.pl\/fr\/wp-json\/wp\/v2\/posts\/157693\/revisions"}],"wp:attachment":[{"href":"https:\/\/www.polishscience.pl\/fr\/wp-json\/wp\/v2\/media?parent=157693"}],"wp:term":[{"taxonomy":"category","embeddable":true,"href":"https:\/\/www.polishscience.pl\/fr\/wp-json\/wp\/v2\/categories?post=157693"},{"taxonomy":"post_tag","embeddable":true,"href":"https:\/\/www.polishscience.pl\/fr\/wp-json\/wp\/v2\/tags?post=157693"}],"curies":[{"name":"wp","href":"https:\/\/api.w.org\/{rel}","templated":true}]}}