{"id":157417,"date":"2020-12-08T15:17:52","date_gmt":"2020-12-08T14:17:52","guid":{"rendered":"https:\/\/polishscience.pl\/?p=157417"},"modified":"2020-12-08T15:17:52","modified_gmt":"2020-12-08T14:17:52","slug":"un-historien-de-luniversite-catholique-de-lublin-a-recu-le-prix-du-ministere-espagnol-de-la-defense","status":"publish","type":"post","link":"https:\/\/www.polishscience.pl\/fr\/un-historien-de-luniversite-catholique-de-lublin-a-recu-le-prix-du-ministere-espagnol-de-la-defense\/","title":{"rendered":"Un historien de l&rsquo;Universit\u00e9 Catholique de Lublin a re\u00e7u le prix du Minist\u00e8re espagnol de la D\u00e9fense"},"content":{"rendered":"<p class=\"Standard\"><span lang=\"EN-US\" style=\"font-family: 'Times New Roman',serif;\"><strong>Le docteur Pablo de la Fuente de Pablo du D\u00e9partement du Monde Espagnol, de la Politique et des Relations Internationales de l&rsquo;Institut d&rsquo;Histoire de l&rsquo;Universit\u00e9 Catholique de Lublin (KUL) a re\u00e7u la \u00ab\u00a0Virgen del Carmen\u00a0\u00bb du Minist\u00e8re espagnol de la D\u00e9fense.<\/strong> <\/span><\/p>\n<p class=\"Standard\"><span lang=\"EN-US\" style=\"font-family: 'Times New Roman',serif;\">Ce prix lui a \u00e9t\u00e9 d\u00e9cern\u00e9 pour son livre intitul\u00e9 \u00ab\u00a0Virgen del Carmen\u00a0\u00bb. \u00ab\u00a0Tu Regere Imperio Fluctus Hispane Memento\u00a0\u00bb. La aportaci\u00f3n extranjera a la construcci\u00f3n naval dieciochesca. Una perspectiva comparativa y diacr\u00f3nica\u00a0\u00bb, publi\u00e9 en 2019 par l&rsquo;Universit\u00e9 de La Corogne et la maison d&rsquo;\u00e9dition KUL.<\/span><\/p>\n<p class=\"Standard\"><span lang=\"EN-US\" style=\"font-family: 'Times New Roman',serif;\">Cette publication est consacr\u00e9e aux constructeurs navals \u00e9trangers travaillant dans les chantiers navals ib\u00e9riques et \u00e0 la question de l&rsquo;importation de fournitures et de mati\u00e8res premi\u00e8res pour les chantiers navals ib\u00e9riques au XVIIIe si\u00e8cle. <\/span><\/p>\n<p class=\"Standard\"><span lang=\"EN-US\" style=\"font-family: 'Times New Roman',serif;\">Le prix de la marine espagnole \u00ab\u00a0Virgen del Carmen\u00a0\u00bb est d\u00e9cern\u00e9 depuis 1939. Son but est de promouvoir la culture maritime, la promotion des th\u00e8mes et des professions maritimes.<\/span><\/p>\n","protected":false},"excerpt":{"rendered":"<p>Le docteur Pablo de la Fuente de Pablo du D\u00e9partement du Monde Espagnol, de la Politique et des Relations Internationales de l&rsquo;Institut d&rsquo;Histoire de l&rsquo;Universit\u00e9 Catholique de Lublin (KUL) a re\u00e7u la \u00ab\u00a0Virgen del Carmen\u00a0\u00bb du Minist\u00e8re espagnol de la D\u00e9fense. Ce prix lui a \u00e9t\u00e9 d\u00e9cern\u00e9 pour son livre intitul\u00e9 \u00ab\u00a0Virgen del Carmen\u00a0\u00bb. \u00ab\u00a0Tu [&hellip;]<\/p>\n","protected":false},"author":11,"featured_media":0,"comment_status":"closed","ping_status":"closed","sticky":false,"template":"","format":"standard","meta":[],"categories":[41],"tags":[],"_links":{"self":[{"href":"https:\/\/www.polishscience.pl\/fr\/wp-json\/wp\/v2\/posts\/157417"}],"collection":[{"href":"https:\/\/www.polishscience.pl\/fr\/wp-json\/wp\/v2\/posts"}],"about":[{"href":"https:\/\/www.polishscience.pl\/fr\/wp-json\/wp\/v2\/types\/post"}],"author":[{"embeddable":true,"href":"https:\/\/www.polishscience.pl\/fr\/wp-json\/wp\/v2\/users\/11"}],"replies":[{"embeddable":true,"href":"https:\/\/www.polishscience.pl\/fr\/wp-json\/wp\/v2\/comments?post=157417"}],"version-history":[{"count":0,"href":"https:\/\/www.polishscience.pl\/fr\/wp-json\/wp\/v2\/posts\/157417\/revisions"}],"wp:attachment":[{"href":"https:\/\/www.polishscience.pl\/fr\/wp-json\/wp\/v2\/media?parent=157417"}],"wp:term":[{"taxonomy":"category","embeddable":true,"href":"https:\/\/www.polishscience.pl\/fr\/wp-json\/wp\/v2\/categories?post=157417"},{"taxonomy":"post_tag","embeddable":true,"href":"https:\/\/www.polishscience.pl\/fr\/wp-json\/wp\/v2\/tags?post=157417"}],"curies":[{"name":"wp","href":"https:\/\/api.w.org\/{rel}","templated":true}]}}