{"id":156681,"date":"2020-12-03T17:59:57","date_gmt":"2020-12-03T16:59:57","guid":{"rendered":"https:\/\/polishscience.pl\/?p=156681"},"modified":"2020-12-03T17:59:57","modified_gmt":"2020-12-03T16:59:57","slug":"la-virtualisation-de-la-vie-sociale-en-temps-de-pandemie-est-le-theme-de-la-conference-de-bielsko-biala","status":"publish","type":"post","link":"https:\/\/www.polishscience.pl\/fr\/la-virtualisation-de-la-vie-sociale-en-temps-de-pandemie-est-le-theme-de-la-conference-de-bielsko-biala\/","title":{"rendered":"La virtualisation de la vie sociale en temps de pand\u00e9mie est le th\u00e8me de la conf\u00e9rence de Bielsko-Bia\u0142a"},"content":{"rendered":"<p><strong>Les facult\u00e9s de gestion et de transport, ainsi que les d\u00e9partements de sciences humaines et sociales de l&rsquo;Acad\u00e9mie Technique et des Sciences Humaines de Bielsko-Bia\u0142a \u00a0invitent \u00e0 une conf\u00e9rence de presse nationale en ligne intitul\u00e9e \u00ab\u00a0La virtualisation de la vie sociale en temps de pand\u00e9mie\u00a0\u00bb le 17 d\u00e9cembre prochain, informe l&rsquo;universit\u00e9.<\/strong><\/p>\n<p>La pand\u00e9mie a entra\u00een\u00e9 la fermeture ou la limitation des syst\u00e8mes et sous-syst\u00e8mes de la vie \u00e9conomique, sociale, politique et culturelle. La conf\u00e9rence se concentrera sur les questions de l&rsquo;enseignement sup\u00e9rieur et de l&rsquo;\u00e9ducation, les activit\u00e9s des secteurs culturels, les soins de sant\u00e9 et l&rsquo;\u00e9tat des politiques publiques, l&rsquo;activit\u00e9 \u00e9conomique et l&rsquo;esprit d&rsquo;entreprise, ainsi que les pratiques de la vie quotidienne et les activit\u00e9s li\u00e9es au culte religieux.<\/p>\n<p>Les partenaires de la conf\u00e9rence sont : La Chaire de Sociologie de l&rsquo;\u00c9conomie et de la Communication Sociale de l&rsquo;Universit\u00e9 des Sciences et des Technologies AGH de Cracovie, la Chaire de Sociologie et d&rsquo;Histoire Militaire de l&rsquo;Acad\u00e9mie Navale de Gdynia et la Chaire de Journalisme et de Communication Sociale de l&rsquo;Universit\u00e9 Jan Kochanowski de Kielce.<\/p>\n<p>Pour en savoir plus : <a href=\"https:\/\/www.ath.bielsko.pl\/wirtualizacja-zycia-spolecznego-w-czasach-pandemii\/\">https:\/\/www.ath.bielsko.pl\/wirtualizacja-zycia-spolecznego-w-czasach-pandemii\/<\/a><\/p>\n","protected":false},"excerpt":{"rendered":"<p>Les facult\u00e9s de gestion et de transport, ainsi que les d\u00e9partements de sciences humaines et sociales de l&rsquo;Acad\u00e9mie Technique et des Sciences Humaines de Bielsko-Bia\u0142a \u00a0invitent \u00e0 une conf\u00e9rence de presse nationale en ligne intitul\u00e9e \u00ab\u00a0La virtualisation de la vie sociale en temps de pand\u00e9mie\u00a0\u00bb le 17 d\u00e9cembre prochain, informe l&rsquo;universit\u00e9. La pand\u00e9mie a entra\u00een\u00e9 [&hellip;]<\/p>\n","protected":false},"author":11,"featured_media":0,"comment_status":"closed","ping_status":"closed","sticky":false,"template":"","format":"standard","meta":[],"categories":[41],"tags":[],"_links":{"self":[{"href":"https:\/\/www.polishscience.pl\/fr\/wp-json\/wp\/v2\/posts\/156681"}],"collection":[{"href":"https:\/\/www.polishscience.pl\/fr\/wp-json\/wp\/v2\/posts"}],"about":[{"href":"https:\/\/www.polishscience.pl\/fr\/wp-json\/wp\/v2\/types\/post"}],"author":[{"embeddable":true,"href":"https:\/\/www.polishscience.pl\/fr\/wp-json\/wp\/v2\/users\/11"}],"replies":[{"embeddable":true,"href":"https:\/\/www.polishscience.pl\/fr\/wp-json\/wp\/v2\/comments?post=156681"}],"version-history":[{"count":0,"href":"https:\/\/www.polishscience.pl\/fr\/wp-json\/wp\/v2\/posts\/156681\/revisions"}],"wp:attachment":[{"href":"https:\/\/www.polishscience.pl\/fr\/wp-json\/wp\/v2\/media?parent=156681"}],"wp:term":[{"taxonomy":"category","embeddable":true,"href":"https:\/\/www.polishscience.pl\/fr\/wp-json\/wp\/v2\/categories?post=156681"},{"taxonomy":"post_tag","embeddable":true,"href":"https:\/\/www.polishscience.pl\/fr\/wp-json\/wp\/v2\/tags?post=156681"}],"curies":[{"name":"wp","href":"https:\/\/api.w.org\/{rel}","templated":true}]}}