{"id":156401,"date":"2020-12-02T18:01:15","date_gmt":"2020-12-02T17:01:15","guid":{"rendered":"https:\/\/polishscience.pl\/?p=156401"},"modified":"2020-12-02T18:01:15","modified_gmt":"2020-12-02T17:01:15","slug":"les-etudes-sur-les-determinants-et-la-dynamique-de-lintegration-en-europe-postbrexit-a-luniversite-dopole","status":"publish","type":"post","link":"https:\/\/www.polishscience.pl\/fr\/les-etudes-sur-les-determinants-et-la-dynamique-de-lintegration-en-europe-postbrexit-a-luniversite-dopole\/","title":{"rendered":"Les \u00e9tudes sur les d\u00e9terminants et la dynamique de l&rsquo;int\u00e9gration en Europe (post)Brexit \u00e0 l\u2019Universit\u00e9 d\u2019Opole"},"content":{"rendered":"<p class=\"Standard\"><strong><span lang=\"EN-US\" style=\"font-family: 'Times New Roman',serif;\">Le projet du professeur Rafa\u0142 Riedel de l&rsquo;Universit\u00e9 d&rsquo;Opole \u00ab\u00a0Les d\u00e9terminants et les dynamiques de l&rsquo;int\u00e9gration diversifi\u00e9e dans l&rsquo;Europe (post)Brexit\u00a0\u00bb a re\u00e7u un financement de 459 000 PLN du programme Opus organis\u00e9 par le Centre National des Sciences.<\/span><\/strong><\/p>\n<p class=\"Standard\"><span lang=\"EN-US\" style=\"font-family: 'Times New Roman',serif;\">Le professeur Riedel vise \u00e0 expliquer les conditions et la dynamique de l&rsquo;int\u00e9gration diverse en Europe (l&rsquo;Union europ\u00e9enne et son environnement) dans une perspective interdisciplinaire, en int\u00e9grant de nombreuses dimensions, par exemple socio-politiques ou \u00e9conomiques. Le projet sera mis en \u0153uvre entre 2021 et 2024.<\/span><\/p>\n<p class=\"Standard\"><span lang=\"EN-US\" style=\"font-family: 'Times New Roman',serif;\">La question de l&rsquo;int\u00e9gration diff\u00e9renci\u00e9e semble \u00eatre un domaine de recherche id\u00e9al, car elle r\u00e9unit des conditions et des cons\u00e9quences de nature \u00e9conomique, institutionnelle, sociale et politique. Le projet contribuera \u00e0 \u00e9largir et \u00e0 actualiser les connaissances scientifiques sur un \u00e9l\u00e9ment cl\u00e9 du processus d&rsquo;int\u00e9gration europ\u00e9enne. Il permettra d&rsquo;identifier, de comprendre et d&rsquo;expliquer les facteurs qui conditionnent la diversit\u00e9 de l&rsquo;int\u00e9gration et sa dynamique &#8211; \u00e0 lire dans le service de l&rsquo;universit\u00e9.<\/span><\/p>\n","protected":false},"excerpt":{"rendered":"<p>Le projet du professeur Rafa\u0142 Riedel de l&rsquo;Universit\u00e9 d&rsquo;Opole \u00ab\u00a0Les d\u00e9terminants et les dynamiques de l&rsquo;int\u00e9gration diversifi\u00e9e dans l&rsquo;Europe (post)Brexit\u00a0\u00bb a re\u00e7u un financement de 459 000 PLN du programme Opus organis\u00e9 par le Centre National des Sciences. Le professeur Riedel vise \u00e0 expliquer les conditions et la dynamique de l&rsquo;int\u00e9gration diverse en Europe (l&rsquo;Union [&hellip;]<\/p>\n","protected":false},"author":11,"featured_media":0,"comment_status":"closed","ping_status":"closed","sticky":false,"template":"","format":"standard","meta":[],"categories":[35],"tags":[],"_links":{"self":[{"href":"https:\/\/www.polishscience.pl\/fr\/wp-json\/wp\/v2\/posts\/156401"}],"collection":[{"href":"https:\/\/www.polishscience.pl\/fr\/wp-json\/wp\/v2\/posts"}],"about":[{"href":"https:\/\/www.polishscience.pl\/fr\/wp-json\/wp\/v2\/types\/post"}],"author":[{"embeddable":true,"href":"https:\/\/www.polishscience.pl\/fr\/wp-json\/wp\/v2\/users\/11"}],"replies":[{"embeddable":true,"href":"https:\/\/www.polishscience.pl\/fr\/wp-json\/wp\/v2\/comments?post=156401"}],"version-history":[{"count":0,"href":"https:\/\/www.polishscience.pl\/fr\/wp-json\/wp\/v2\/posts\/156401\/revisions"}],"wp:attachment":[{"href":"https:\/\/www.polishscience.pl\/fr\/wp-json\/wp\/v2\/media?parent=156401"}],"wp:term":[{"taxonomy":"category","embeddable":true,"href":"https:\/\/www.polishscience.pl\/fr\/wp-json\/wp\/v2\/categories?post=156401"},{"taxonomy":"post_tag","embeddable":true,"href":"https:\/\/www.polishscience.pl\/fr\/wp-json\/wp\/v2\/tags?post=156401"}],"curies":[{"name":"wp","href":"https:\/\/api.w.org\/{rel}","templated":true}]}}