{"id":156397,"date":"2020-12-02T16:09:02","date_gmt":"2020-12-02T15:09:02","guid":{"rendered":"https:\/\/polishscience.pl\/?p=156397"},"modified":"2020-12-02T16:09:02","modified_gmt":"2020-12-02T15:09:02","slug":"a-propos-de-lexperience-intergenerationnelle-de-la-feminite-a-luniversite-de-wroclaw","status":"publish","type":"post","link":"https:\/\/www.polishscience.pl\/fr\/a-propos-de-lexperience-intergenerationnelle-de-la-feminite-a-luniversite-de-wroclaw\/","title":{"rendered":"\u00c0 propos de l&rsquo;exp\u00e9rience interg\u00e9n\u00e9rationnelle de la f\u00e9minit\u00e9 \u00e0 l&rsquo;Universit\u00e9 de Wroc\u0142aw"},"content":{"rendered":"<p class=\"Standard\"><strong><span lang=\"EN-US\" style=\"font-family: 'Times New Roman',serif;\">La branche de Wroc\u0142aw de l\u2019Association Polonaise de Sociologie et l&rsquo;Institut de Sociologie de l&rsquo;Universit\u00e9 de Wroc\u0142aw invitent \u00e0 une r\u00e9union le 13 d\u00e9cembre dans la s\u00e9rie de Socio-Perception \u00ab\u00a0Quelle m\u00e8re, quelle fille ? L&rsquo;exp\u00e9rience interg\u00e9n\u00e9rationnelle de la f\u00e9minit\u00e9\u00a0\u00bb.<\/span><\/strong><\/p>\n<p class=\"Standard\"><span lang=\"EN-US\" style=\"font-family: 'Times New Roman',serif;\">Le proverbe du titre de la r\u00e9union sugg\u00e8re que les filles suivent les traces de leurs m\u00e8res et finissent par leur ressembler dans leur comportement. Les organisateurs de l&rsquo;\u00e9v\u00e9nement veulent voir comment le proverbe v\u00e9rifie la r\u00e9alit\u00e9 et dans quelle mesure les contextes socioculturels changeants dans lesquels les femmes ont \u00e9t\u00e9 \u00e9lev\u00e9es et \u00e9duq\u00e9es influencent les relations entre m\u00e8res et filles et leur (d\u00e9s)accord sur les mod\u00e8les imagin\u00e9s et souhait\u00e9s de l&rsquo;identit\u00e9 f\u00e9minine. <\/span><\/p>\n<p class=\"Standard\"><span lang=\"EN-US\" style=\"font-family: 'Times New Roman',serif;\">La discussion sera men\u00e9e par le Dr Justyna Kajta de l&rsquo;Universit\u00e9 de Wroc\u0142aw et sera suivie par le docteur d\u2019\u00c9tat El\u017cbieta. Korolczuk, chercheuse de l&rsquo;Universit\u00e9 de Varsovie et de l&rsquo;Universit\u00e9 de S\u00f6dert\u00f6rn, auteure du livre M\u00e8res et filles dans la Pologne moderne, et Katarzyna Barczyk-Matkowska, auteure du blog Lady Pasztet, informent l&rsquo;universit\u00e9.<\/span><\/p>\n","protected":false},"excerpt":{"rendered":"<p>La branche de Wroc\u0142aw de l\u2019Association Polonaise de Sociologie et l&rsquo;Institut de Sociologie de l&rsquo;Universit\u00e9 de Wroc\u0142aw invitent \u00e0 une r\u00e9union le 13 d\u00e9cembre dans la s\u00e9rie de Socio-Perception \u00ab\u00a0Quelle m\u00e8re, quelle fille ? L&rsquo;exp\u00e9rience interg\u00e9n\u00e9rationnelle de la f\u00e9minit\u00e9\u00a0\u00bb. Le proverbe du titre de la r\u00e9union sugg\u00e8re que les filles suivent les traces de leurs [&hellip;]<\/p>\n","protected":false},"author":11,"featured_media":0,"comment_status":"closed","ping_status":"closed","sticky":false,"template":"","format":"standard","meta":[],"categories":[41],"tags":[],"_links":{"self":[{"href":"https:\/\/www.polishscience.pl\/fr\/wp-json\/wp\/v2\/posts\/156397"}],"collection":[{"href":"https:\/\/www.polishscience.pl\/fr\/wp-json\/wp\/v2\/posts"}],"about":[{"href":"https:\/\/www.polishscience.pl\/fr\/wp-json\/wp\/v2\/types\/post"}],"author":[{"embeddable":true,"href":"https:\/\/www.polishscience.pl\/fr\/wp-json\/wp\/v2\/users\/11"}],"replies":[{"embeddable":true,"href":"https:\/\/www.polishscience.pl\/fr\/wp-json\/wp\/v2\/comments?post=156397"}],"version-history":[{"count":0,"href":"https:\/\/www.polishscience.pl\/fr\/wp-json\/wp\/v2\/posts\/156397\/revisions"}],"wp:attachment":[{"href":"https:\/\/www.polishscience.pl\/fr\/wp-json\/wp\/v2\/media?parent=156397"}],"wp:term":[{"taxonomy":"category","embeddable":true,"href":"https:\/\/www.polishscience.pl\/fr\/wp-json\/wp\/v2\/categories?post=156397"},{"taxonomy":"post_tag","embeddable":true,"href":"https:\/\/www.polishscience.pl\/fr\/wp-json\/wp\/v2\/tags?post=156397"}],"curies":[{"name":"wp","href":"https:\/\/api.w.org\/{rel}","templated":true}]}}