{"id":156041,"date":"2020-11-30T13:48:22","date_gmt":"2020-11-30T12:48:22","guid":{"rendered":"https:\/\/polishscience.pl\/?p=156041"},"modified":"2020-11-30T13:48:22","modified_gmt":"2020-11-30T12:48:22","slug":"la-ve-conference-scientifique-polonaise-sur-le-droit-medical","status":"publish","type":"post","link":"https:\/\/www.polishscience.pl\/fr\/la-ve-conference-scientifique-polonaise-sur-le-droit-medical\/","title":{"rendered":"La Ve Conf\u00e9rence Scientifique Polonaise sur le Droit M\u00e9dical"},"content":{"rendered":"<p class=\"Standard\"><span lang=\"EN-US\" style=\"font-family: 'Times New Roman',serif;\"><strong>L&rsquo;Association Europ\u00e9enne des \u00c9tudiants en Droit ELSA Rzesz\u00f3w organise la 5e Conf\u00e9rence Scientifique Polonaise sur le Droit M\u00e9dical en ligne. L&rsquo;\u00e9dition de cette ann\u00e9e est intitul\u00e9e : \u00ab\u00a0Le Droit et la m\u00e9decine dans le domaine des maladies transmissibles\u00a0\u00bb et se tiendra le 4 d\u00e9cembre 2020 \u00e0 partir de 9h00 sur la plateforme Zoom.<\/strong> <\/span><\/p>\n<p class=\"Standard\"><span lang=\"EN-US\" style=\"font-family: 'Times New Roman',serif;\">En outre, la conf\u00e9rence sera diffus\u00e9e dans les m\u00e9dias sociaux ELSA Rzesz\u00f3w. L&rsquo;objectif de l&rsquo;\u00e9v\u00e9nement est principalement de vulgariser les connaissances en droit m\u00e9dical aupr\u00e8s des \u00e9tudiants et de sensibiliser le public aux \u00e9tats de menace \u00e9pid\u00e9miologique.<\/span><\/p>\n<p class=\"Standard\"><span lang=\"EN-US\" style=\"font-family: 'Times New Roman',serif;\">La conf\u00e9rence sera compos\u00e9e de deux groupes d&rsquo;experts et d&rsquo;un groupe de discussion &#8211; \u00ab\u00a0La m\u00e9decine et l\u2019\u00e9thique et les maladies infectieuses\u00a0\u00bb et \u00ab\u00a0Les aspects juridiques, psychologiques et sociaux des maladies infectieuses\u00a0\u00bb. <\/span><\/p>\n<p class=\"Standard\"><span lang=\"EN-US\" style=\"font-family: 'Times New Roman',serif;\">Pour plus d\u2019informations: <\/span><\/p>\n<p class=\"Standard\"><span lang=\"EN-US\" style=\"font-family: 'Times New Roman',serif;\"><a href=\"https:\/\/cutt.ly\/yhaUV2s\">https:\/\/cutt.ly\/yhaUV2s<\/a><\/span><\/p>\n","protected":false},"excerpt":{"rendered":"<p>L&rsquo;Association Europ\u00e9enne des \u00c9tudiants en Droit ELSA Rzesz\u00f3w organise la 5e Conf\u00e9rence Scientifique Polonaise sur le Droit M\u00e9dical en ligne. L&rsquo;\u00e9dition de cette ann\u00e9e est intitul\u00e9e : \u00ab\u00a0Le Droit et la m\u00e9decine dans le domaine des maladies transmissibles\u00a0\u00bb et se tiendra le 4 d\u00e9cembre 2020 \u00e0 partir de 9h00 sur la plateforme Zoom. En outre, [&hellip;]<\/p>\n","protected":false},"author":11,"featured_media":0,"comment_status":"closed","ping_status":"closed","sticky":false,"template":"","format":"standard","meta":[],"categories":[41,39],"tags":[],"_links":{"self":[{"href":"https:\/\/www.polishscience.pl\/fr\/wp-json\/wp\/v2\/posts\/156041"}],"collection":[{"href":"https:\/\/www.polishscience.pl\/fr\/wp-json\/wp\/v2\/posts"}],"about":[{"href":"https:\/\/www.polishscience.pl\/fr\/wp-json\/wp\/v2\/types\/post"}],"author":[{"embeddable":true,"href":"https:\/\/www.polishscience.pl\/fr\/wp-json\/wp\/v2\/users\/11"}],"replies":[{"embeddable":true,"href":"https:\/\/www.polishscience.pl\/fr\/wp-json\/wp\/v2\/comments?post=156041"}],"version-history":[{"count":0,"href":"https:\/\/www.polishscience.pl\/fr\/wp-json\/wp\/v2\/posts\/156041\/revisions"}],"wp:attachment":[{"href":"https:\/\/www.polishscience.pl\/fr\/wp-json\/wp\/v2\/media?parent=156041"}],"wp:term":[{"taxonomy":"category","embeddable":true,"href":"https:\/\/www.polishscience.pl\/fr\/wp-json\/wp\/v2\/categories?post=156041"},{"taxonomy":"post_tag","embeddable":true,"href":"https:\/\/www.polishscience.pl\/fr\/wp-json\/wp\/v2\/tags?post=156041"}],"curies":[{"name":"wp","href":"https:\/\/api.w.org\/{rel}","templated":true}]}}