{"id":156039,"date":"2020-11-30T13:49:00","date_gmt":"2020-11-30T12:49:00","guid":{"rendered":"https:\/\/polishscience.pl\/?p=156039"},"modified":"2020-11-30T13:49:00","modified_gmt":"2020-11-30T12:49:00","slug":"des-employes-et-des-diplomes-de-la-polytechnique-de-varsovie-participant-a-la-recherche-sur-le-covid-19","status":"publish","type":"post","link":"https:\/\/www.polishscience.pl\/fr\/des-employes-et-des-diplomes-de-la-polytechnique-de-varsovie-participant-a-la-recherche-sur-le-covid-19\/","title":{"rendered":"Des employ\u00e9s et des dipl\u00f4m\u00e9s de la Polytechnique de Varsovie participant \u00e0 la recherche sur le COVID-19"},"content":{"rendered":"<p class=\"Standard\"><strong><span lang=\"EN-US\" style=\"font-family: 'Times New Roman',serif;\">Des employ\u00e9s et des dipl\u00f4m\u00e9s de la Facult\u00e9 des Installations du B\u00e2timent, de l&rsquo;Hydrotechnique et de l&rsquo;Ing\u00e9nierie Environnementale de la Polytechnique de Varsovie ont particip\u00e9 aux travaux de l&rsquo;\u00e9quipe qui a pr\u00e9par\u00e9 une analyse sur la relation potentielle entre la pollution de l&rsquo;air par les particules (PM) et la propagation de l&rsquo;infection du COVID-19 en Pologne.<\/span><\/strong><\/p>\n<p class=\"Standard\"><span lang=\"EN-US\" style=\"font-family: 'Times New Roman',serif;\">L&rsquo;analyse a \u00e9t\u00e9 r\u00e9alis\u00e9e par l&rsquo;\u00e9quipe de travail sur l&rsquo;impact de la pollution de l&rsquo;air sur la sant\u00e9 du Ministre de la Sant\u00e9. Tous les experts participant aux travaux de recherche sur la pollution atmosph\u00e9rique sont associ\u00e9s \u00e0 la Facult\u00e9 des Installations du B\u00e2timent, de l&rsquo;Hydrotechnique et de l&rsquo;Ing\u00e9nierie Environnementale de la Polytechnique de Varsovie. <\/span><span lang=\"EN-US\" style=\"font-family: 'Times New Roman',serif;\">\u00a0<\/span><\/p>\n<p class=\"Standard\"><span lang=\"EN-US\" style=\"font-family: 'Times New Roman',serif;\">L&rsquo;\u00e9quipe a soulign\u00e9 que la relation entre la pollution atmosph\u00e9rique et le risque de maladie et l&rsquo;\u00e9volution grave du COVID-19 peut se manifester sous une ou plusieurs formes, par exemple par \u00ab\u00a0l&rsquo;impact direct de la pollution atmosph\u00e9rique sur les d\u00e9fenses de l&rsquo;organisme contre ou pendant l&rsquo;infection, ind\u00e9pendamment de l&rsquo;apparition de maladies coexistantes\u00a0\u00bb. En m\u00eame temps, l&rsquo;\u00e9quipe a expliqu\u00e9 que l&rsquo;\u00e9tat actuel des connaissances ne permet pas de confirmer ou de rejeter l&rsquo;hypoth\u00e8se d&rsquo;une telle relation.<\/span><\/p>\n","protected":false},"excerpt":{"rendered":"<p>Des employ\u00e9s et des dipl\u00f4m\u00e9s de la Facult\u00e9 des Installations du B\u00e2timent, de l&rsquo;Hydrotechnique et de l&rsquo;Ing\u00e9nierie Environnementale de la Polytechnique de Varsovie ont particip\u00e9 aux travaux de l&rsquo;\u00e9quipe qui a pr\u00e9par\u00e9 une analyse sur la relation potentielle entre la pollution de l&rsquo;air par les particules (PM) et la propagation de l&rsquo;infection du COVID-19 en [&hellip;]<\/p>\n","protected":false},"author":11,"featured_media":0,"comment_status":"closed","ping_status":"closed","sticky":false,"template":"","format":"standard","meta":[],"categories":[39],"tags":[],"_links":{"self":[{"href":"https:\/\/www.polishscience.pl\/fr\/wp-json\/wp\/v2\/posts\/156039"}],"collection":[{"href":"https:\/\/www.polishscience.pl\/fr\/wp-json\/wp\/v2\/posts"}],"about":[{"href":"https:\/\/www.polishscience.pl\/fr\/wp-json\/wp\/v2\/types\/post"}],"author":[{"embeddable":true,"href":"https:\/\/www.polishscience.pl\/fr\/wp-json\/wp\/v2\/users\/11"}],"replies":[{"embeddable":true,"href":"https:\/\/www.polishscience.pl\/fr\/wp-json\/wp\/v2\/comments?post=156039"}],"version-history":[{"count":0,"href":"https:\/\/www.polishscience.pl\/fr\/wp-json\/wp\/v2\/posts\/156039\/revisions"}],"wp:attachment":[{"href":"https:\/\/www.polishscience.pl\/fr\/wp-json\/wp\/v2\/media?parent=156039"}],"wp:term":[{"taxonomy":"category","embeddable":true,"href":"https:\/\/www.polishscience.pl\/fr\/wp-json\/wp\/v2\/categories?post=156039"},{"taxonomy":"post_tag","embeddable":true,"href":"https:\/\/www.polishscience.pl\/fr\/wp-json\/wp\/v2\/tags?post=156039"}],"curies":[{"name":"wp","href":"https:\/\/api.w.org\/{rel}","templated":true}]}}