{"id":155010,"date":"2020-11-23T15:36:59","date_gmt":"2020-11-23T14:36:59","guid":{"rendered":"https:\/\/polishscience.pl\/?p=155010"},"modified":"2020-11-23T15:36:59","modified_gmt":"2020-11-23T14:36:59","slug":"la-conference-des-ministres-de-lenseignement-superieur-eosw","status":"publish","type":"post","link":"https:\/\/www.polishscience.pl\/fr\/la-conference-des-ministres-de-lenseignement-superieur-eosw\/","title":{"rendered":"La conf\u00e9rence des Ministres de l&rsquo;Enseignement Sup\u00e9rieur EOSW"},"content":{"rendered":"<p><strong>La libert\u00e9 acad\u00e9mique, le renforcement de la dimension sociale dans l&rsquo;enseignement sup\u00e9rieur et l&rsquo;am\u00e9lioration de l&rsquo;enseignement et de l&rsquo;apprentissage sont les principaux th\u00e8mes abord\u00e9s lors de la Conf\u00e9rence des Ministres de l&rsquo;Enseignement Sup\u00e9rieur des pays de l&rsquo;Espace europ\u00e9en de l&rsquo;enseignement sup\u00e9rieur (EEES), qui se tient \u00e0 Rome sous forme \u00e9lectronique. Le ministre Przemys\u0142aw Czarnek et la vice-ministre Anna Budzanowska ont particip\u00e9 \u00e0 cette r\u00e9union.<\/strong><\/p>\n<p>L&rsquo;enseignement sup\u00e9rieur est un lieu important pour fa\u00e7onner la personnalit\u00e9 d&rsquo;un jeune dans toutes ses dimensions. Non seulement pour acqu\u00e9rir les qualifications n\u00e9cessaires sur le march\u00e9 du travail, mais surtout pour vivre en soci\u00e9t\u00e9, prendre des responsabilit\u00e9s et cr\u00e9er les conditions d&rsquo;un d\u00e9veloppement global &#8211; a d\u00e9clar\u00e9 Przemyslaw Czarnek lors de la conf\u00e9rence.<\/p>\n<p>Le ministre a \u00e9galement soulign\u00e9 le r\u00f4le de l&rsquo;universit\u00e9 dans le processus de transfert des valeurs et d&rsquo;enseignement des attitudes ouvertes \u00e0 la v\u00e9rit\u00e9 et au bien.<\/p>\n<p>Le discours du ministre Czarnek :<\/p>\n<p><a href=\"https:\/\/youtu.be\/DvO__XE438g\">https:\/\/youtu.be\/DvO__XE438g<\/a><\/p>\n","protected":false},"excerpt":{"rendered":"<p>La libert\u00e9 acad\u00e9mique, le renforcement de la dimension sociale dans l&rsquo;enseignement sup\u00e9rieur et l&rsquo;am\u00e9lioration de l&rsquo;enseignement et de l&rsquo;apprentissage sont les principaux th\u00e8mes abord\u00e9s lors de la Conf\u00e9rence des Ministres de l&rsquo;Enseignement Sup\u00e9rieur des pays de l&rsquo;Espace europ\u00e9en de l&rsquo;enseignement sup\u00e9rieur (EEES), qui se tient \u00e0 Rome sous forme \u00e9lectronique. Le ministre Przemys\u0142aw Czarnek et [&hellip;]<\/p>\n","protected":false},"author":11,"featured_media":0,"comment_status":"closed","ping_status":"closed","sticky":false,"template":"","format":"standard","meta":[],"categories":[35,41],"tags":[],"_links":{"self":[{"href":"https:\/\/www.polishscience.pl\/fr\/wp-json\/wp\/v2\/posts\/155010"}],"collection":[{"href":"https:\/\/www.polishscience.pl\/fr\/wp-json\/wp\/v2\/posts"}],"about":[{"href":"https:\/\/www.polishscience.pl\/fr\/wp-json\/wp\/v2\/types\/post"}],"author":[{"embeddable":true,"href":"https:\/\/www.polishscience.pl\/fr\/wp-json\/wp\/v2\/users\/11"}],"replies":[{"embeddable":true,"href":"https:\/\/www.polishscience.pl\/fr\/wp-json\/wp\/v2\/comments?post=155010"}],"version-history":[{"count":0,"href":"https:\/\/www.polishscience.pl\/fr\/wp-json\/wp\/v2\/posts\/155010\/revisions"}],"wp:attachment":[{"href":"https:\/\/www.polishscience.pl\/fr\/wp-json\/wp\/v2\/media?parent=155010"}],"wp:term":[{"taxonomy":"category","embeddable":true,"href":"https:\/\/www.polishscience.pl\/fr\/wp-json\/wp\/v2\/categories?post=155010"},{"taxonomy":"post_tag","embeddable":true,"href":"https:\/\/www.polishscience.pl\/fr\/wp-json\/wp\/v2\/tags?post=155010"}],"curies":[{"name":"wp","href":"https:\/\/api.w.org\/{rel}","templated":true}]}}