{"id":154712,"date":"2020-11-19T15:15:02","date_gmt":"2020-11-19T14:15:02","guid":{"rendered":"https:\/\/polishscience.pl\/?p=154712"},"modified":"2020-11-19T15:15:02","modified_gmt":"2020-11-19T14:15:02","slug":"la-conference-scientifique-internationale-sur-les-discours-politiques-en-pologne-et-en-republique-tcheque-apres-1989","status":"publish","type":"post","link":"https:\/\/www.polishscience.pl\/fr\/la-conference-scientifique-internationale-sur-les-discours-politiques-en-pologne-et-en-republique-tcheque-apres-1989\/","title":{"rendered":"La conf\u00e9rence scientifique internationale sur les discours politiques en Pologne et en R\u00e9publique tch\u00e8que apr\u00e8s 1989"},"content":{"rendered":"<p><strong>Le Laboratoire de Rh\u00e9torique Appliqu\u00e9e de la Facult\u00e9 d&rsquo;\u00c9tudes Polonaises de l&rsquo;Universit\u00e9 de Varsovie et la Chaire d&rsquo;\u00c9tudes d&rsquo;Europe Centrale de la Facult\u00e9 de Philosophie de l&rsquo;Universit\u00e9 Charles de Prague \u00a0invitent \u00e0 participer \u00e0 une conf\u00e9rence scientifique internationale intitul\u00e9e Les discours politiques en Pologne et en R\u00e9publique tch\u00e8que apr\u00e8s 1989 : les genres, les strat\u00e9gies de communication, les images des m\u00e9dias, qui se tiendra les 23 et 24 novembre 2020 sous la forme d&rsquo;une rencontre en ligne.<\/strong><\/p>\n<p>L&rsquo;objectif de la conf\u00e9rence est de discuter des questions li\u00e9es \u00e0 la communication politique en Pologne et en R\u00e9publique tch\u00e8que, d&rsquo;identifier les diff\u00e9rences et les similitudes des coutumes des milieux politiques et m\u00e9diatiques pr\u00e9\u00e9lectoraux dans les deux pays, ainsi que d&rsquo;attirer l&rsquo;attention sur les similitudes et les diff\u00e9rences dans la mani\u00e8re dont les citoyens sont impliqu\u00e9s dans les processus d\u00e9cisionnels et les propri\u00e9t\u00e9s de la communication entre les hommes politiques et les citoyens.<\/p>\n<p>Comme le soulignent les organisateurs, les questions des genres de communication publique, des images m\u00e9diatiques des hommes politiques et des strat\u00e9gies de communication au cours de plus de trente ans de transformation d\u00e9mocratique sont particuli\u00e8rement int\u00e9ressantes dans ce contexte.<\/p>\n","protected":false},"excerpt":{"rendered":"<p>Le Laboratoire de Rh\u00e9torique Appliqu\u00e9e de la Facult\u00e9 d&rsquo;\u00c9tudes Polonaises de l&rsquo;Universit\u00e9 de Varsovie et la Chaire d&rsquo;\u00c9tudes d&rsquo;Europe Centrale de la Facult\u00e9 de Philosophie de l&rsquo;Universit\u00e9 Charles de Prague \u00a0invitent \u00e0 participer \u00e0 une conf\u00e9rence scientifique internationale intitul\u00e9e Les discours politiques en Pologne et en R\u00e9publique tch\u00e8que apr\u00e8s 1989 : les genres, les strat\u00e9gies [&hellip;]<\/p>\n","protected":false},"author":11,"featured_media":0,"comment_status":"closed","ping_status":"closed","sticky":false,"template":"","format":"standard","meta":[],"categories":[41,37],"tags":[],"_links":{"self":[{"href":"https:\/\/www.polishscience.pl\/fr\/wp-json\/wp\/v2\/posts\/154712"}],"collection":[{"href":"https:\/\/www.polishscience.pl\/fr\/wp-json\/wp\/v2\/posts"}],"about":[{"href":"https:\/\/www.polishscience.pl\/fr\/wp-json\/wp\/v2\/types\/post"}],"author":[{"embeddable":true,"href":"https:\/\/www.polishscience.pl\/fr\/wp-json\/wp\/v2\/users\/11"}],"replies":[{"embeddable":true,"href":"https:\/\/www.polishscience.pl\/fr\/wp-json\/wp\/v2\/comments?post=154712"}],"version-history":[{"count":0,"href":"https:\/\/www.polishscience.pl\/fr\/wp-json\/wp\/v2\/posts\/154712\/revisions"}],"wp:attachment":[{"href":"https:\/\/www.polishscience.pl\/fr\/wp-json\/wp\/v2\/media?parent=154712"}],"wp:term":[{"taxonomy":"category","embeddable":true,"href":"https:\/\/www.polishscience.pl\/fr\/wp-json\/wp\/v2\/categories?post=154712"},{"taxonomy":"post_tag","embeddable":true,"href":"https:\/\/www.polishscience.pl\/fr\/wp-json\/wp\/v2\/tags?post=154712"}],"curies":[{"name":"wp","href":"https:\/\/api.w.org\/{rel}","templated":true}]}}