{"id":154344,"date":"2020-11-18T15:00:56","date_gmt":"2020-11-18T14:00:56","guid":{"rendered":"https:\/\/polishscience.pl\/?p=154344"},"modified":"2020-11-18T15:00:56","modified_gmt":"2020-11-18T14:00:56","slug":"le-forum-des-basses-carpates-des-sciences-et-des-affaires","status":"publish","type":"post","link":"https:\/\/www.polishscience.pl\/fr\/le-forum-des-basses-carpates-des-sciences-et-des-affaires\/","title":{"rendered":"Le Forum des Basses-Carpates des sciences et des affaires"},"content":{"rendered":"<p class=\"Standard\"><strong><span lang=\"EN-US\" style=\"font-family: 'Times New Roman',serif;\">Cr\u00e9er de nouveaux produits, \u00e9laborer des solutions bas\u00e9es sur les tendances europ\u00e9ennes et mondiales, cr\u00e9er des innovations. Ces objectifs sont fix\u00e9s par le Forum des Basses-Carpates des sciences et des affaires, qui se tiendra en ligne les 1er et 2 d\u00e9cembre 2020.<\/span><\/strong><\/p>\n<p class=\"Standard\"><span lang=\"EN-US\" style=\"font-family: 'Times New Roman',serif;\">L&rsquo;\u00e9v\u00e9nement s&rsquo;adresse aux entrepreneurs, aux organisations patronales, aux clusters, aux universit\u00e9s, aux laboratoires de recherche, aux scientifiques et inventeurs, aux doctorants. L&rsquo;\u00e9v\u00e9nement s&rsquo;adresse aux investisseurs, aux repr\u00e9sentants de startups, aux fonds d&rsquo;investissement, aux \u00e9tudiants, aux milieux scientifiques. <\/span><\/p>\n<p class=\"Standard\"><span lang=\"EN-US\" style=\"font-family: 'Times New Roman',serif;\">L&rsquo;objectif du forum est de soutenir la coop\u00e9ration entre les entrepreneurs et les scientifiques en termes de cr\u00e9ation d&rsquo;innovations et de nouvelles recherches et de changement des modes de fonctionnement de leurs organisations dans le futur caus\u00e9 par l&rsquo;\u00e9pid\u00e9mie de coronavirus. Gr\u00e2ce \u00e0 des praticiens et des experts de divers secteurs, nous fournirons des informations sur la mani\u00e8re de d\u00e9velopper les affaires, de cr\u00e9er de nouveaux produits et services et de mettre au point des solutions bas\u00e9es sur les tendances europ\u00e9ennes et mondiales. L&rsquo;\u00e9v\u00e9nement est \u00e9galement cens\u00e9 \u00eatre une sorte de plate-forme de dialogue et d&rsquo;int\u00e9gration pour tous les destinataires du forum &#8211; a d\u00e9clar\u00e9 Wojciech Fiksa, responsable du projet d&rsquo;\u00e9v\u00e9nement du Centre d&rsquo;Innovation des Basses-Carpates.<\/span><\/p>\n","protected":false},"excerpt":{"rendered":"<p>Cr\u00e9er de nouveaux produits, \u00e9laborer des solutions bas\u00e9es sur les tendances europ\u00e9ennes et mondiales, cr\u00e9er des innovations. Ces objectifs sont fix\u00e9s par le Forum des Basses-Carpates des sciences et des affaires, qui se tiendra en ligne les 1er et 2 d\u00e9cembre 2020. L&rsquo;\u00e9v\u00e9nement s&rsquo;adresse aux entrepreneurs, aux organisations patronales, aux clusters, aux universit\u00e9s, aux laboratoires [&hellip;]<\/p>\n","protected":false},"author":11,"featured_media":0,"comment_status":"closed","ping_status":"closed","sticky":false,"template":"","format":"standard","meta":[],"categories":[40,41],"tags":[],"_links":{"self":[{"href":"https:\/\/www.polishscience.pl\/fr\/wp-json\/wp\/v2\/posts\/154344"}],"collection":[{"href":"https:\/\/www.polishscience.pl\/fr\/wp-json\/wp\/v2\/posts"}],"about":[{"href":"https:\/\/www.polishscience.pl\/fr\/wp-json\/wp\/v2\/types\/post"}],"author":[{"embeddable":true,"href":"https:\/\/www.polishscience.pl\/fr\/wp-json\/wp\/v2\/users\/11"}],"replies":[{"embeddable":true,"href":"https:\/\/www.polishscience.pl\/fr\/wp-json\/wp\/v2\/comments?post=154344"}],"version-history":[{"count":0,"href":"https:\/\/www.polishscience.pl\/fr\/wp-json\/wp\/v2\/posts\/154344\/revisions"}],"wp:attachment":[{"href":"https:\/\/www.polishscience.pl\/fr\/wp-json\/wp\/v2\/media?parent=154344"}],"wp:term":[{"taxonomy":"category","embeddable":true,"href":"https:\/\/www.polishscience.pl\/fr\/wp-json\/wp\/v2\/categories?post=154344"},{"taxonomy":"post_tag","embeddable":true,"href":"https:\/\/www.polishscience.pl\/fr\/wp-json\/wp\/v2\/tags?post=154344"}],"curies":[{"name":"wp","href":"https:\/\/api.w.org\/{rel}","templated":true}]}}