{"id":153431,"date":"2020-11-12T15:12:00","date_gmt":"2020-11-12T14:12:00","guid":{"rendered":"https:\/\/polishscience.pl\/?p=153431"},"modified":"2020-11-12T15:12:00","modified_gmt":"2020-11-12T14:12:00","slug":"luniversite-jan-kochanowski-de-kielce-reprend-luniversite-de-la-sainte-croix","status":"publish","type":"post","link":"https:\/\/www.polishscience.pl\/fr\/luniversite-jan-kochanowski-de-kielce-reprend-luniversite-de-la-sainte-croix\/","title":{"rendered":"L&rsquo;Universit\u00e9 Jan Kochanowski de Kielce reprend l\u2019Universit\u00e9 de la Sainte-Croix"},"content":{"rendered":"<p class=\"Standard\"><strong><span lang=\"EN-US\" style=\"font-family: 'Times New Roman',serif;\">Le professeur Dr. Stanis\u0142aw G\u0142uszek, recteur de l&rsquo;Universit\u00e9 Jan Kochanowski (UJK) et le professeur Dr. Mieczys\u0142aw Adamczyk, recteur de l\u2019Universit\u00e9 de la Sainte-Croix \u00e0 Kielce ont sign\u00e9 une lettre d&rsquo;intention, sur la base de laquelle l&rsquo;UJK de Kielce reprendra les r\u00e9alisations et le b\u00e2timent de Wszechnica.<\/span><\/strong><\/p>\n<p class=\"Standard\"><span lang=\"EN-US\" style=\"font-family: 'Times New Roman',serif;\">L&rsquo;Universit\u00e9 Jan Kochanowski est \u00e9galement pr\u00eate \u00e0 prendre en charge des \u00e9tudiants de deuxi\u00e8me cycle dans le domaine de la p\u00e9dagogie. Ils pourront poursuivre leurs \u00e9tudes dans l&rsquo;ann\u00e9e appropri\u00e9e du master de l&rsquo;UJK. La salle du souvenir, o\u00f9 seront rassembl\u00e9s les souvenirs de plus de 25 ans d&rsquo;histoire de l&rsquo;universit\u00e9, sera un souvenir de l\u2019Universit\u00e9 de la Sainte-Croix. L&rsquo;UJK reprendra \u00e9galement les archives de l\u2019Universit\u00e9 de la Sainte-Croix.<\/span><\/p>\n<p class=\"Standard\"><span lang=\"EN-US\" style=\"font-family: 'Times New Roman',serif;\">L\u2019Universit\u00e9 de la Sainte-Croix a \u00e9t\u00e9 cr\u00e9\u00e9e en 1994 en tant qu&rsquo;universit\u00e9 non \u00e9tatique \u00e0 l&rsquo;initiative de l&rsquo;Association Populaire Scientifique et Culturelle.<\/span><\/p>\n","protected":false},"excerpt":{"rendered":"<p>Le professeur Dr. Stanis\u0142aw G\u0142uszek, recteur de l&rsquo;Universit\u00e9 Jan Kochanowski (UJK) et le professeur Dr. Mieczys\u0142aw Adamczyk, recteur de l\u2019Universit\u00e9 de la Sainte-Croix \u00e0 Kielce ont sign\u00e9 une lettre d&rsquo;intention, sur la base de laquelle l&rsquo;UJK de Kielce reprendra les r\u00e9alisations et le b\u00e2timent de Wszechnica. L&rsquo;Universit\u00e9 Jan Kochanowski est \u00e9galement pr\u00eate \u00e0 prendre en [&hellip;]<\/p>\n","protected":false},"author":11,"featured_media":0,"comment_status":"closed","ping_status":"closed","sticky":false,"template":"","format":"standard","meta":[],"categories":[35],"tags":[],"_links":{"self":[{"href":"https:\/\/www.polishscience.pl\/fr\/wp-json\/wp\/v2\/posts\/153431"}],"collection":[{"href":"https:\/\/www.polishscience.pl\/fr\/wp-json\/wp\/v2\/posts"}],"about":[{"href":"https:\/\/www.polishscience.pl\/fr\/wp-json\/wp\/v2\/types\/post"}],"author":[{"embeddable":true,"href":"https:\/\/www.polishscience.pl\/fr\/wp-json\/wp\/v2\/users\/11"}],"replies":[{"embeddable":true,"href":"https:\/\/www.polishscience.pl\/fr\/wp-json\/wp\/v2\/comments?post=153431"}],"version-history":[{"count":0,"href":"https:\/\/www.polishscience.pl\/fr\/wp-json\/wp\/v2\/posts\/153431\/revisions"}],"wp:attachment":[{"href":"https:\/\/www.polishscience.pl\/fr\/wp-json\/wp\/v2\/media?parent=153431"}],"wp:term":[{"taxonomy":"category","embeddable":true,"href":"https:\/\/www.polishscience.pl\/fr\/wp-json\/wp\/v2\/categories?post=153431"},{"taxonomy":"post_tag","embeddable":true,"href":"https:\/\/www.polishscience.pl\/fr\/wp-json\/wp\/v2\/tags?post=153431"}],"curies":[{"name":"wp","href":"https:\/\/api.w.org\/{rel}","templated":true}]}}