{"id":153224,"date":"2020-11-10T14:25:36","date_gmt":"2020-11-10T13:25:36","guid":{"rendered":"https:\/\/polishscience.pl\/?p=153224"},"modified":"2020-11-10T14:25:36","modified_gmt":"2020-11-10T13:25:36","slug":"le-ministre-des-sciences-et-de-leducation-demande-aux-universites-de-passer-aux-cours-et-a-lenseignement-a-distance","status":"publish","type":"post","link":"https:\/\/www.polishscience.pl\/fr\/le-ministre-des-sciences-et-de-leducation-demande-aux-universites-de-passer-aux-cours-et-a-lenseignement-a-distance\/","title":{"rendered":"Le ministre des Sciences et de l&rsquo;\u00c9ducation demande aux universit\u00e9s de passer aux cours et \u00e0 l\u2019enseignement \u00e0 distance"},"content":{"rendered":"<p class=\"Standard\"><span lang=\"EN-US\" style=\"font-family: 'Times New Roman',serif;\"><strong>Suite aux d\u00e9cisions du gouvernement polonais de prendre les mesures n\u00e9cessaires pour combattre le virus SRAS-CoV-2, il est n\u00e9cessaire de maximiser la transition pour \u00e9tudier et enseigner \u00e0 distance dans les universit\u00e9s entre le 9 et le 29 novembre 2020.<\/strong> <\/span><\/p>\n<p class=\"Standard\"><span lang=\"EN-US\" style=\"font-family: 'Times New Roman',serif;\">Le ministre de l&rsquo;\u00c9ducation et des Sciences appelle les recteurs d&rsquo;universit\u00e9 \u00e0 tenir compte de cette ligne directrice dans l&rsquo;organisation du travail de l&rsquo;administration universitaire, des cours, des \u00e9tudes de troisi\u00e8me cycle, dans le cadre des \u00e9tudes de doctorat et d&rsquo;autres formes d&rsquo;enseignement.<\/span><\/p>\n<p class=\"Standard\"><span lang=\"EN-US\" style=\"font-family: 'Times New Roman',serif;\">Afin de ralentir la propagation du coronavirus en Pologne, il est n\u00e9cessaire de prendre des mesures d\u00e9cisives. Il nous appartient \u00e0 tous de d\u00e9cider dans quelle direction la deuxi\u00e8me vague de l&rsquo;\u00e9pid\u00e9mie va se d\u00e9velopper \u2013 a soulign\u00e9 le ministre de l&rsquo;\u00c9ducation et des Sciences Przemys\u0142aw Czarnek dans un appel \u00e9crit adress\u00e9 aux recteurs des EES.<\/span><\/p>\n<p class=\"Standard\"><span lang=\"EN-US\" style=\"font-family: 'Times New Roman',serif;\">Dans le m\u00eame temps, le ministre Czarnek a demand\u00e9 aux autorit\u00e9s des EES qui dirigent des facult\u00e9s de m\u00e9decine d&rsquo;organiser des cours pratiques en tenant compte des besoins du syst\u00e8me de soins de sant\u00e9, qui n\u00e9cessite le soutien du personnel m\u00e9dical dans la lutte contre l&rsquo;\u00e9pid\u00e9mie.<\/span><\/p>\n","protected":false},"excerpt":{"rendered":"<p>Suite aux d\u00e9cisions du gouvernement polonais de prendre les mesures n\u00e9cessaires pour combattre le virus SRAS-CoV-2, il est n\u00e9cessaire de maximiser la transition pour \u00e9tudier et enseigner \u00e0 distance dans les universit\u00e9s entre le 9 et le 29 novembre 2020. Le ministre de l&rsquo;\u00c9ducation et des Sciences appelle les recteurs d&rsquo;universit\u00e9 \u00e0 tenir compte de [&hellip;]<\/p>\n","protected":false},"author":11,"featured_media":0,"comment_status":"closed","ping_status":"closed","sticky":false,"template":"","format":"standard","meta":[],"categories":[35],"tags":[],"_links":{"self":[{"href":"https:\/\/www.polishscience.pl\/fr\/wp-json\/wp\/v2\/posts\/153224"}],"collection":[{"href":"https:\/\/www.polishscience.pl\/fr\/wp-json\/wp\/v2\/posts"}],"about":[{"href":"https:\/\/www.polishscience.pl\/fr\/wp-json\/wp\/v2\/types\/post"}],"author":[{"embeddable":true,"href":"https:\/\/www.polishscience.pl\/fr\/wp-json\/wp\/v2\/users\/11"}],"replies":[{"embeddable":true,"href":"https:\/\/www.polishscience.pl\/fr\/wp-json\/wp\/v2\/comments?post=153224"}],"version-history":[{"count":0,"href":"https:\/\/www.polishscience.pl\/fr\/wp-json\/wp\/v2\/posts\/153224\/revisions"}],"wp:attachment":[{"href":"https:\/\/www.polishscience.pl\/fr\/wp-json\/wp\/v2\/media?parent=153224"}],"wp:term":[{"taxonomy":"category","embeddable":true,"href":"https:\/\/www.polishscience.pl\/fr\/wp-json\/wp\/v2\/categories?post=153224"},{"taxonomy":"post_tag","embeddable":true,"href":"https:\/\/www.polishscience.pl\/fr\/wp-json\/wp\/v2\/tags?post=153224"}],"curies":[{"name":"wp","href":"https:\/\/api.w.org\/{rel}","templated":true}]}}