{"id":152305,"date":"2020-11-03T15:57:29","date_gmt":"2020-11-03T14:57:29","guid":{"rendered":"https:\/\/polishscience.pl\/?p=152305"},"modified":"2020-11-03T15:57:29","modified_gmt":"2020-11-03T14:57:29","slug":"un-appel-commun-des-universites-catholiques","status":"publish","type":"post","link":"https:\/\/www.polishscience.pl\/fr\/un-appel-commun-des-universites-catholiques\/","title":{"rendered":"Un appel commun des universit\u00e9s catholiques"},"content":{"rendered":"<p class=\"Standard\"><strong><span lang=\"EN-US\" style=\"font-family: 'Times New Roman',serif;\">La protection de la vie humaine, de la conception \u00e0 la mort naturelle, n&rsquo;est pas une id\u00e9ologie, une question de politique ou de vision du monde &#8211; c&rsquo;est le fondement de notre civilisation et de notre identit\u00e9 &#8211; soulignent dans un appel conjoint du Coll\u00e8ge des Recteurs de l&rsquo;Universit\u00e9 Catholique de Lublin (KUL) et de l&rsquo;Universit\u00e9 Pontificale Jean-Paul II de Cracovie.<\/span><\/strong><\/p>\n<p class=\"Standard\"><span lang=\"EN-US\" style=\"font-family: 'Times New Roman',serif;\">Les coll\u00e8ges des recteurs de ces universit\u00e9s catholiques soulignent que, face aux troubles auxquels nous assistons en Pologne, en ce qui concerne la question de l&rsquo;avortement, ils souhaitent rappeler que \u00ab\u00a0le droit \u00e0 la vie est un droit fondamental de tout \u00eatre humain, y compris dans la p\u00e9riode pr\u00e9natale de son d\u00e9veloppement\u00a0\u00bb.<\/span><\/p>\n<p class=\"Standard\"><span lang=\"EN-US\" style=\"font-family: 'Times New Roman',serif;\">Nous appelons toutes les parties du dialogue social \u00e0 se parler et \u00e0 prendre conscience de la responsabilit\u00e9 de la situation dans laquelle nous nous trouvons tous. Un \u00e9l\u00e9ment indispensable d&rsquo;un tel dialogue est le respect mutuel de toutes les parties, qui sert \u00e0 \u00e9laborer des m\u00e9thodes pour r\u00e9soudre le conflit qui est apparu, avant tout, par la recherche de la v\u00e9rit\u00e9\u00a0\u00bb, dit l&rsquo;appel.<\/span><\/p>\n","protected":false},"excerpt":{"rendered":"<p>La protection de la vie humaine, de la conception \u00e0 la mort naturelle, n&rsquo;est pas une id\u00e9ologie, une question de politique ou de vision du monde &#8211; c&rsquo;est le fondement de notre civilisation et de notre identit\u00e9 &#8211; soulignent dans un appel conjoint du Coll\u00e8ge des Recteurs de l&rsquo;Universit\u00e9 Catholique de Lublin (KUL) et de [&hellip;]<\/p>\n","protected":false},"author":11,"featured_media":0,"comment_status":"closed","ping_status":"closed","sticky":false,"template":"","format":"standard","meta":[],"categories":[41],"tags":[],"_links":{"self":[{"href":"https:\/\/www.polishscience.pl\/fr\/wp-json\/wp\/v2\/posts\/152305"}],"collection":[{"href":"https:\/\/www.polishscience.pl\/fr\/wp-json\/wp\/v2\/posts"}],"about":[{"href":"https:\/\/www.polishscience.pl\/fr\/wp-json\/wp\/v2\/types\/post"}],"author":[{"embeddable":true,"href":"https:\/\/www.polishscience.pl\/fr\/wp-json\/wp\/v2\/users\/11"}],"replies":[{"embeddable":true,"href":"https:\/\/www.polishscience.pl\/fr\/wp-json\/wp\/v2\/comments?post=152305"}],"version-history":[{"count":0,"href":"https:\/\/www.polishscience.pl\/fr\/wp-json\/wp\/v2\/posts\/152305\/revisions"}],"wp:attachment":[{"href":"https:\/\/www.polishscience.pl\/fr\/wp-json\/wp\/v2\/media?parent=152305"}],"wp:term":[{"taxonomy":"category","embeddable":true,"href":"https:\/\/www.polishscience.pl\/fr\/wp-json\/wp\/v2\/categories?post=152305"},{"taxonomy":"post_tag","embeddable":true,"href":"https:\/\/www.polishscience.pl\/fr\/wp-json\/wp\/v2\/tags?post=152305"}],"curies":[{"name":"wp","href":"https:\/\/api.w.org\/{rel}","templated":true}]}}