{"id":151481,"date":"2020-10-28T14:36:30","date_gmt":"2020-10-28T13:36:30","guid":{"rendered":"https:\/\/polishscience.pl\/?p=151481"},"modified":"2020-10-28T14:36:30","modified_gmt":"2020-10-28T13:36:30","slug":"le-prix-jerzy-giedroyc-pour-un-scientifique-de-luniversite-de-varsovie","status":"publish","type":"post","link":"https:\/\/www.polishscience.pl\/fr\/le-prix-jerzy-giedroyc-pour-un-scientifique-de-luniversite-de-varsovie\/","title":{"rendered":"Le Prix Jerzy Giedroyc pour un scientifique de l&rsquo;Universit\u00e9 de Varsovie"},"content":{"rendered":"<p class=\"Standard\"><span lang=\"EN-US\" style=\"font-family: 'Times New Roman',serif;\"><strong>Le docteur d\u2019\u00c9tat Piotr M. Majewski de l&rsquo;Institut d\u2019Histoire de la Facult\u00e9 des Arts et des Sciences Culturelles de l&rsquo;Universit\u00e9 de Varsovie (UW), auteur du livre intitul\u00e9 \u00ab\u00a0Quand la guerre \u00e9clatera-t-elle ? 1938. Studium kryzysu\u00a0\u00bb \/ \u00ab\u00a0Une \u00e9tude de la crise\u00a0\u00bb, il est le laur\u00e9at du prix Jerzy Giedroyc.<\/strong> <\/span><\/p>\n<p class=\"Standard\"><span lang=\"EN-US\" style=\"font-family: 'Times New Roman',serif;\">Le prix Jerzy Giedroyc a \u00e9t\u00e9 cr\u00e9\u00e9 par le S\u00e9nat de l&rsquo;Universit\u00e9 Maria Curie-Sk\u0142odowska (UMCS) de Lublin et est d\u00e9cern\u00e9 depuis 2001 pour des recherches sur le patrimoine de la \u00ab\u00a0Culture\u00a0\u00bb parisienne ou pour la poursuite cr\u00e9ative du message scientifique de Jerzy Giedroyc. Le concours est ouvert aux auteurs de \u00ab\u00a0monographies et de publications collectives, bas\u00e9es sur des documents sources pr\u00e9c\u00e9demment inutilis\u00e9s ou r\u00e9interpr\u00e9t\u00e9s et apportant de nouvelles d\u00e9couvertes \u00e0 l&rsquo;\u00e9tat de la recherche sur une question donn\u00e9e\u00a0\u00bb.<\/span><\/p>\n<p class=\"Standard\"><span lang=\"EN-US\" style=\"font-family: 'Times New Roman',serif;\">Le h\u00e9ros du livre \u00ab\u00a0Quand la guerre \u00e9clatera-t-elle ? 1938. une \u00e9tude de la crise\u00a0\u00bb est une crise tch\u00e9coslovaque de 1938 qui a conduit \u00e0 la \u00ab\u00a0trahison de Munich\u00a0\u00bb. Le raisonnement qui a pr\u00e9sid\u00e9 au choix a mis en \u00e9vidence l&rsquo;originalit\u00e9 de la construction et la perspicacit\u00e9 des \u00e9valuations de l&rsquo;auteur, qui \u00ab\u00a0comme un journaliste dirigeant un programme t\u00e9l\u00e9vis\u00e9 nous conduit dans plusieurs villes de Tch\u00e9coslovaquie et d&rsquo;Europe, o\u00f9 se sont d\u00e9roul\u00e9s les \u00e9v\u00e9nements cl\u00e9s d\u00e9terminant la dynamique de la crise, les \u00e9motions et le r\u00e9sultat final\u00a0\u00bb.<\/span><\/p>\n","protected":false},"excerpt":{"rendered":"<p>Le docteur d\u2019\u00c9tat Piotr M. Majewski de l&rsquo;Institut d\u2019Histoire de la Facult\u00e9 des Arts et des Sciences Culturelles de l&rsquo;Universit\u00e9 de Varsovie (UW), auteur du livre intitul\u00e9 \u00ab\u00a0Quand la guerre \u00e9clatera-t-elle ? 1938. Studium kryzysu\u00a0\u00bb \/ \u00ab\u00a0Une \u00e9tude de la crise\u00a0\u00bb, il est le laur\u00e9at du prix Jerzy Giedroyc. Le prix Jerzy Giedroyc a \u00e9t\u00e9 [&hellip;]<\/p>\n","protected":false},"author":11,"featured_media":0,"comment_status":"closed","ping_status":"closed","sticky":false,"template":"","format":"standard","meta":[],"categories":[35,41],"tags":[],"_links":{"self":[{"href":"https:\/\/www.polishscience.pl\/fr\/wp-json\/wp\/v2\/posts\/151481"}],"collection":[{"href":"https:\/\/www.polishscience.pl\/fr\/wp-json\/wp\/v2\/posts"}],"about":[{"href":"https:\/\/www.polishscience.pl\/fr\/wp-json\/wp\/v2\/types\/post"}],"author":[{"embeddable":true,"href":"https:\/\/www.polishscience.pl\/fr\/wp-json\/wp\/v2\/users\/11"}],"replies":[{"embeddable":true,"href":"https:\/\/www.polishscience.pl\/fr\/wp-json\/wp\/v2\/comments?post=151481"}],"version-history":[{"count":0,"href":"https:\/\/www.polishscience.pl\/fr\/wp-json\/wp\/v2\/posts\/151481\/revisions"}],"wp:attachment":[{"href":"https:\/\/www.polishscience.pl\/fr\/wp-json\/wp\/v2\/media?parent=151481"}],"wp:term":[{"taxonomy":"category","embeddable":true,"href":"https:\/\/www.polishscience.pl\/fr\/wp-json\/wp\/v2\/categories?post=151481"},{"taxonomy":"post_tag","embeddable":true,"href":"https:\/\/www.polishscience.pl\/fr\/wp-json\/wp\/v2\/tags?post=151481"}],"curies":[{"name":"wp","href":"https:\/\/api.w.org\/{rel}","templated":true}]}}